{"id":1614,"date":"2012-12-10T15:36:35","date_gmt":"2012-12-10T15:36:35","guid":{"rendered":"http:\/\/insmonturiol.cat\/recordeu-13-de-desembre-19-hores-assemblea-ampa"},"modified":"2012-12-10T15:36:35","modified_gmt":"2012-12-10T15:36:35","slug":"recordeu-13-de-desembre-19-hores-assemblea-ampa","status":"publish","type":"post","link":"https:\/\/agora.xtec.cat\/iesnarcismonturiol\/general\/recordeu-13-de-desembre-19-hores-assemblea-ampa\/","title":{"rendered":"RECORDEU: 13 de desembre 19 hores Assemblea AMPA"},"content":{"rendered":"<p>Benvolguts pares i mares socis de l&#8217;AMPA,<\/p>\n<p>Recordeu que dijous 13 esteu convocats a l\u2019Assemblea General Ordin\u00e0ria&nbsp; que tindr\u00e0 lloc a la sala d\u2019actes de l\u2019IES Monturiol, el&nbsp; dijous <strong><span style=\"text-decoration: underline;\">13 de desembre de 2012, a<\/span><\/strong> <strong><span style=\"text-decoration: underline;\">les 18.30 hores en primera convocat\u00f2ria i a les 19\u201900 hores en segona convocat\u00f2ria(hora en qu\u00e8 est\u00e0 previst que comenci l\u2019acte)<\/span><\/strong>,<\/p>\n<p>vegeu ordre del dia a l&#8217;entrada 14.11.2012 de la web&nbsp;<a href=\"http:\/\/insmonturiol.cat\/wp-content\/uploads\/2012\/12\/conv.assamblea-13.12.12.pdf\">conv.assamblea 13.12.12<\/a><\/p>\n","protected":false},"excerpt":{"rendered":"<p>Benvolguts pares i mares socis de l&#8217;AMPA,<br \/>\nRecordeu que dijous 13 esteu convocats a l\u2019Assemblea General Ordin\u00e0ria&nbsp; que tindr\u00e0 lloc a la sala d\u2019actes de l\u2019IES Monturiol, el&nbsp; dijous 13 de desembre de 2012, a les 18.30 hores en primera convocat\u00f2ria i a les 19\u201900 hores&hellip;  <a href=\"https:\/\/agora.xtec.cat\/iesnarcismonturiol\/general\/recordeu-13-de-desembre-19-hores-assemblea-ampa\/\" title=\"Read RECORDEU: 13 de desembre 19 hores Assemblea AMPA\">Llegeix m\u00e9s\u00bb<\/a><\/p>\n","protected":false},"author":5,"featured_media":4490,"comment_status":"closed","ping_status":"closed","sticky":false,"template":"","format":"standard","meta":{"_bbp_topic_count":0,"_bbp_reply_count":0,"_bbp_total_topic_count":0,"_bbp_total_reply_count":0,"_bbp_voice_count":0,"_bbp_anonymous_reply_count":0,"_bbp_topic_count_hidden":0,"_bbp_reply_count_hidden":0,"_bbp_forum_subforum_count":0,"footnotes":""},"categories":[1],"tags":[150],"class_list":["post-1614","post","type-post","status-publish","format-standard","has-post-thumbnail","hentry","category-general","tag-ampa"],"post_mailing_queue_ids":[],"_links":{"self":[{"href":"https:\/\/agora.xtec.cat\/iesnarcismonturiol\/wp-json\/wp\/v2\/posts\/1614","targetHints":{"allow":["GET"]}}],"collection":[{"href":"https:\/\/agora.xtec.cat\/iesnarcismonturiol\/wp-json\/wp\/v2\/posts"}],"about":[{"href":"https:\/\/agora.xtec.cat\/iesnarcismonturiol\/wp-json\/wp\/v2\/types\/post"}],"author":[{"embeddable":true,"href":"https:\/\/agora.xtec.cat\/iesnarcismonturiol\/wp-json\/wp\/v2\/users\/5"}],"replies":[{"embeddable":true,"href":"https:\/\/agora.xtec.cat\/iesnarcismonturiol\/wp-json\/wp\/v2\/comments?post=1614"}],"version-history":[{"count":0,"href":"https:\/\/agora.xtec.cat\/iesnarcismonturiol\/wp-json\/wp\/v2\/posts\/1614\/revisions"}],"wp:featuredmedia":[{"embeddable":true,"href":"https:\/\/agora.xtec.cat\/iesnarcismonturiol\/wp-json\/wp\/v2\/media\/4490"}],"wp:attachment":[{"href":"https:\/\/agora.xtec.cat\/iesnarcismonturiol\/wp-json\/wp\/v2\/media?parent=1614"}],"wp:term":[{"taxonomy":"category","embeddable":true,"href":"https:\/\/agora.xtec.cat\/iesnarcismonturiol\/wp-json\/wp\/v2\/categories?post=1614"},{"taxonomy":"post_tag","embeddable":true,"href":"https:\/\/agora.xtec.cat\/iesnarcismonturiol\/wp-json\/wp\/v2\/tags?post=1614"}],"curies":[{"name":"wp","href":"https:\/\/api.w.org\/{rel}","templated":true}]}}