{"id":1576,"date":"2012-10-25T19:35:34","date_gmt":"2012-10-25T19:35:34","guid":{"rendered":"http:\/\/insmonturiol.cat\/sortida-a-la-biblioteca-albert-perez-baro-de-montbau"},"modified":"2012-10-25T19:35:34","modified_gmt":"2012-10-25T19:35:34","slug":"sortida-a-la-biblioteca-albert-perez-baro-de-montbau","status":"publish","type":"post","link":"https:\/\/agora.xtec.cat\/iesnarcismonturiol\/general\/sortida-a-la-biblioteca-albert-perez-baro-de-montbau\/","title":{"rendered":"SORTIDA A LA BIBLIOTECA ALBERT P\u00c9REZ BAR\u00d3 DE MONTBAU"},"content":{"rendered":"<p>SORTIDA A LA BIBLIOTECA ALBERT P\u00c9REZ BAR\u00d3 (MONTBAU)<\/p>\n<p>Seminaris de catal\u00e0 i castell\u00e0<br \/>\nEl passat 23 d\u2019octubre, com cada any, varem fer la visita a la biblioteca de Montbau amb l\u2019alumnat de 2\u00ba curs de l\u2019 ESO.<\/p>\n<p>L\u2019objectiu d\u2019aquesta sortida \u00e9s que coneguin el funcionament i els avantatges d\u2019una biblioteca de proximitat, aix\u00ed com les que els hi proporcionen i poden proporcionar, ara i en el futur, tota la Xarxa de Biblioteques de Barcelona.<\/p>\n<p>Despr\u00e9s d\u2019una breu explicaci\u00f3 sobre les particularitats d\u2019aquesta biblioteca en concret, se&#8217;ls hi explic\u00e0 com fer, de la manera m\u00e9s efectiva ,qualsevol cerca d\u2019informaci\u00f3, donant a cada alumne un dossier per practicar les cerques a l&#8217;Institut.<\/p>\n<p>M\u00e9s tard ,i amb la meitat del grup,es va fer, amb for\u00e7a\u00a0d&#8217;\u00e8xit\u00a0 una aproximaci\u00f3 a diferents obres que els hi podien interessar d\u2019una forma molt interactiva i participativa , encaminada al foment de la lectura, que considerem molt important..<\/p>\n<p>Neus Serchs, professora de llengua i literatura castellana<\/p>\n<p><a href=\"http:\/\/insmonturiol.cat\/wp-content\/uploads\/2012\/11\/titol_biblioteca-montbau.jpg\"><img loading=\"lazy\" decoding=\"async\" class=\"aligncenter size-medium wp-image-1578\" title=\"titol_biblioteca-montbau\" src=\"http:\/\/insmonturiol.cat\/wp-content\/uploads\/2012\/11\/titol_biblioteca-montbau-300x30.jpg\" alt=\"\" width=\"300\" height=\"30\" \/><\/a><\/p>\n<p><a title=\"Biblioteca de Montbau Albert P\u00e9rez Bar\u00f3\" href=\"http:\/\/w3.bcn.es\/XMLServeis\/XMLHomeLinkPl\/0,4022,650936361_709398286_1,00.html\" target=\"_blank\" rel=\"noopener\">http:\/\/w3.bcn.es\/XMLServeis\/XMLHomeLinkPl\/0,4022,650936361_709398286_1,00.html<\/a><\/p>\n","protected":false},"excerpt":{"rendered":"<p>SORTIDA A LA BIBLIOTECA ALBERT P\u00c9REZ BAR\u00d3 (MONTBAU)<br \/>\nSeminaris de catal\u00e0 i castell\u00e0<br \/>\nEl passat 23 d\u2019octubre, com cada any, varem fer la visita a la biblioteca de Montbau amb l\u2019alumnat de 2\u00ba curs de l\u2019 ESO.<br \/>\nL\u2019objectiu d\u2019aquesta sortida \u00e9s que coneguin el funcionament i els avantatges&hellip;  <a href=\"https:\/\/agora.xtec.cat\/iesnarcismonturiol\/general\/sortida-a-la-biblioteca-albert-perez-baro-de-montbau\/\" title=\"Read SORTIDA A LA BIBLIOTECA ALBERT P\u00c9REZ BAR\u00d3 DE MONTBAU\">Llegeix m\u00e9s\u00bb<\/a><\/p>\n","protected":false},"author":5,"featured_media":5261,"comment_status":"closed","ping_status":"closed","sticky":false,"template":"","format":"standard","meta":{"_bbp_topic_count":0,"_bbp_reply_count":0,"_bbp_total_topic_count":0,"_bbp_total_reply_count":0,"_bbp_voice_count":0,"_bbp_anonymous_reply_count":0,"_bbp_topic_count_hidden":0,"_bbp_reply_count_hidden":0,"_bbp_forum_subforum_count":0,"footnotes":""},"categories":[120,1],"tags":[],"class_list":["post-1576","post","type-post","status-publish","format-standard","has-post-thumbnail","hentry","category-castella","category-general"],"post_mailing_queue_ids":[],"_links":{"self":[{"href":"https:\/\/agora.xtec.cat\/iesnarcismonturiol\/wp-json\/wp\/v2\/posts\/1576","targetHints":{"allow":["GET"]}}],"collection":[{"href":"https:\/\/agora.xtec.cat\/iesnarcismonturiol\/wp-json\/wp\/v2\/posts"}],"about":[{"href":"https:\/\/agora.xtec.cat\/iesnarcismonturiol\/wp-json\/wp\/v2\/types\/post"}],"author":[{"embeddable":true,"href":"https:\/\/agora.xtec.cat\/iesnarcismonturiol\/wp-json\/wp\/v2\/users\/5"}],"replies":[{"embeddable":true,"href":"https:\/\/agora.xtec.cat\/iesnarcismonturiol\/wp-json\/wp\/v2\/comments?post=1576"}],"version-history":[{"count":0,"href":"https:\/\/agora.xtec.cat\/iesnarcismonturiol\/wp-json\/wp\/v2\/posts\/1576\/revisions"}],"wp:featuredmedia":[{"embeddable":true,"href":"https:\/\/agora.xtec.cat\/iesnarcismonturiol\/wp-json\/wp\/v2\/media\/5261"}],"wp:attachment":[{"href":"https:\/\/agora.xtec.cat\/iesnarcismonturiol\/wp-json\/wp\/v2\/media?parent=1576"}],"wp:term":[{"taxonomy":"category","embeddable":true,"href":"https:\/\/agora.xtec.cat\/iesnarcismonturiol\/wp-json\/wp\/v2\/categories?post=1576"},{"taxonomy":"post_tag","embeddable":true,"href":"https:\/\/agora.xtec.cat\/iesnarcismonturiol\/wp-json\/wp\/v2\/tags?post=1576"}],"curies":[{"name":"wp","href":"https:\/\/api.w.org\/{rel}","templated":true}]}}