{"id":1546,"date":"2012-11-05T20:13:59","date_gmt":"2012-11-05T20:13:59","guid":{"rendered":"http:\/\/insmonturiol.cat\/sortida-de-2n-deso-al-teatre-de-caixaforum-el-fil-del-mite"},"modified":"2012-11-05T20:13:59","modified_gmt":"2012-11-05T20:13:59","slug":"sortida-de-2n-deso-al-teatre-de-caixaforum-el-fil-del-mite","status":"publish","type":"post","link":"https:\/\/agora.xtec.cat\/iesnarcismonturiol\/general\/sortida-de-2n-deso-al-teatre-de-caixaforum-el-fil-del-mite\/","title":{"rendered":"Sortida de 2n d&#8217;eso al Teatre de CaixaF\u00f2rum: &#8220;El Fil del Mite&#8221;"},"content":{"rendered":"<div><\/div>\n<div>Finalment, l&#8217;alumnat de segon d&#8217;ESO hem pogut con\u00e8ixer, en primera persona, els protagonistes de l&#8217;antiga llegenda del Minotaure: \u00a0Ariadna l&#8217;hem tingut a tocar, hem tremolat amb la fura del Brau, hem gaudit de la gosadia i arrog\u00e0ncia d&#8217;en Teseu, i hem vist volar a D\u00e8dal i els seu fill \u00cdcar, que llastimosament va caure al mar per no fer cas dels consells del seu pare.Tanmateix, com sempre, l&#8217;amor acaba triomfant, i Ariadna, tot i ser abandonada a l&#8217;illa de Naxos per Teseu, acaba trobant el seu amor: Dion\u00eds.<\/div>\n<div>David Larrad, Professor de Dibuix<\/div>\n<div><\/div>\n<div><\/div>\n<div><\/div>\n<div><\/div>\n<div><\/div>\n<div><a href=\"http:\/\/insmonturiol.cat\/wp-content\/uploads\/2012\/11\/2012-10-octubre-Cosmocaixa-exposici\u00f3-laberints-2n-eso-087.jpg\"><img loading=\"lazy\" decoding=\"async\" class=\"aligncenter size-medium wp-image-1545\" title=\"El fil del mite.\" src=\"http:\/\/insmonturiol.cat\/wp-content\/uploads\/2012\/11\/2012-10-octubre-Cosmocaixa-exposici\u00f3-laberints-2n-eso-087-225x300.jpg\" alt=\"\" width=\"225\" height=\"300\" \/><\/a><\/div>\n<div><\/div>\n<div><\/div>\n<div><\/div>\n<div style=\"text-align: center;\">No podem saber mai on ens portar\u00e0 el fil de la vida&#8230;<\/div>\n","protected":false},"excerpt":{"rendered":"<p>Finalment, l&#8217;alumnat de segon d&#8217;ESO hem pogut con\u00e8ixer, en primera persona, els protagonistes de l&#8217;antiga llegenda del Minotaure: \u00a0Ariadna l&#8217;hem tingut a tocar, hem tremolat amb la fura del Brau, hem gaudit de la gosadia i arrog\u00e0ncia d&#8217;en Teseu, i hem vist volar a D\u00e8dal&hellip;  <a href=\"https:\/\/agora.xtec.cat\/iesnarcismonturiol\/general\/sortida-de-2n-deso-al-teatre-de-caixaforum-el-fil-del-mite\/\" title=\"Read Sortida de 2n d&#8217;eso al Teatre de CaixaF\u00f2rum: &#8220;El Fil del Mite&#8221;\">Llegeix m\u00e9s\u00bb<\/a><\/p>\n","protected":false},"author":5,"featured_media":6153,"comment_status":"closed","ping_status":"closed","sticky":false,"template":"","format":"standard","meta":{"_bbp_topic_count":0,"_bbp_reply_count":0,"_bbp_total_topic_count":0,"_bbp_total_reply_count":0,"_bbp_voice_count":0,"_bbp_anonymous_reply_count":0,"_bbp_topic_count_hidden":0,"_bbp_reply_count_hidden":0,"_bbp_forum_subforum_count":0,"footnotes":""},"categories":[121,128,1],"tags":[196,40],"class_list":["post-1546","post","type-post","status-publish","format-standard","has-post-thumbnail","hentry","category-catala","category-expressio","category-general","tag-dibuix","tag-teatre"],"post_mailing_queue_ids":[],"_links":{"self":[{"href":"https:\/\/agora.xtec.cat\/iesnarcismonturiol\/wp-json\/wp\/v2\/posts\/1546","targetHints":{"allow":["GET"]}}],"collection":[{"href":"https:\/\/agora.xtec.cat\/iesnarcismonturiol\/wp-json\/wp\/v2\/posts"}],"about":[{"href":"https:\/\/agora.xtec.cat\/iesnarcismonturiol\/wp-json\/wp\/v2\/types\/post"}],"author":[{"embeddable":true,"href":"https:\/\/agora.xtec.cat\/iesnarcismonturiol\/wp-json\/wp\/v2\/users\/5"}],"replies":[{"embeddable":true,"href":"https:\/\/agora.xtec.cat\/iesnarcismonturiol\/wp-json\/wp\/v2\/comments?post=1546"}],"version-history":[{"count":0,"href":"https:\/\/agora.xtec.cat\/iesnarcismonturiol\/wp-json\/wp\/v2\/posts\/1546\/revisions"}],"wp:featuredmedia":[{"embeddable":true,"href":"https:\/\/agora.xtec.cat\/iesnarcismonturiol\/wp-json\/wp\/v2\/media\/6153"}],"wp:attachment":[{"href":"https:\/\/agora.xtec.cat\/iesnarcismonturiol\/wp-json\/wp\/v2\/media?parent=1546"}],"wp:term":[{"taxonomy":"category","embeddable":true,"href":"https:\/\/agora.xtec.cat\/iesnarcismonturiol\/wp-json\/wp\/v2\/categories?post=1546"},{"taxonomy":"post_tag","embeddable":true,"href":"https:\/\/agora.xtec.cat\/iesnarcismonturiol\/wp-json\/wp\/v2\/tags?post=1546"}],"curies":[{"name":"wp","href":"https:\/\/api.w.org\/{rel}","templated":true}]}}