{"id":1503,"date":"2012-10-19T17:55:07","date_gmt":"2012-10-19T17:55:07","guid":{"rendered":"http:\/\/insmonturiol.cat\/iv-jornada-intergeneracional-%e2%80%9cel-mon-de-les-emocions%e2%80%9d"},"modified":"2012-10-19T17:55:07","modified_gmt":"2012-10-19T17:55:07","slug":"iv-jornada-intergeneracional-el-mon-de-les-emocions","status":"publish","type":"post","link":"https:\/\/agora.xtec.cat\/iesnarcismonturiol\/general\/iv-jornada-intergeneracional-el-mon-de-les-emocions\/","title":{"rendered":"IV JORNADA INTERGENERACIONAL : \u201cEL M\u00d3N DE LES EMOCIONS\u201d"},"content":{"rendered":"<div><span style=\"font-family: Arial; font-size: x-small;\">El passat 18 d\u2019octubre, al Casal de la Gent Gran Vall d\u2019Hebr\u00f3 es va celebrar l\u2019Activitat Intergeneracional<\/span><\/div>\n<div>\n<p><strong><span style=\"font-family: Arial; font-size: x-small;\">\u201cEL M\u00d3N DE LES EMOCIONS\u201d Un cam\u00ed que ens acompanya al llarg de la vida<\/span><\/strong><\/p>\n<p><span style=\"font-family: Arial; font-size: xx-small;\">Com altres anys, l\u2019experi\u00e8ncia de di\u00e0leg entre la generaci\u00f3 dels avis i la del nostre alumnat de 3r d\u2019ESO va permetre reflexions individuals i col\u00b7lectives molt interessants. Entre les moltes emocions que existeixen varem treballar la\u00a0<\/span><strong style=\"font-family: Arial; font-size: x-small;\">tristesa<\/strong><span style=\"font-family: Arial; font-size: xx-small;\">, la\u00a0<\/span><strong style=\"font-family: Arial; font-size: x-small;\">r\u00e0bia<\/strong><span style=\"font-family: Arial; font-size: xx-small;\">, la\u00a0<\/span><strong style=\"font-family: Arial; font-size: x-small;\">por<\/strong><span style=\"font-family: Arial; font-size: xx-small;\">\u00a0i l\u2019<\/span><strong style=\"font-family: Arial; font-size: x-small;\">alegria<\/strong><span style=\"font-family: Arial; font-size: xx-small;\">\u00a0i varem comprovar que parlar\u00a0d&#8217;emocions\u00a0\u00e9s m\u00e9s dif\u00edcil del que sembla. Perqu\u00e8 sempre afecta a situacions, experi\u00e8ncies que ens importen i ens mobilitzen molt. La novetat\u00a0d&#8217;aquesta\u00a0edici\u00f3 ha estat la incorporaci\u00f3 de la m\u00fasica.<\/span><\/p>\n<p>Isabel Ribera, professora de M\u00fasica i d&#8217;Educaci\u00f3 per la Ciutadania<\/p>\n<\/div>\n<div><\/div>\n<table style=\"width: 100%;\" border=\"0\">\n<tbody>\n<tr>\n<td><a href=\"http:\/\/insmonturiol.cat\/wp-content\/uploads\/2012\/11\/IMG_9341.jpg\"><img loading=\"lazy\" decoding=\"async\" class=\" wp-image-1501 alignleft\" title=\"IV Jornada intergeneracional: EL MON DE LES EMOCIONS\u201d Un cam\u00ed que ens acompanya al llarg de la vida\" src=\"http:\/\/insmonturiol.cat\/wp-content\/uploads\/2012\/11\/IMG_9341-300x200.jpg\" alt=\"\" width=\"243\" height=\"162\" \/><\/a><\/td>\n<td><a href=\"http:\/\/insmonturiol.cat\/wp-content\/uploads\/2012\/11\/IMG_9366.jpg\"><img loading=\"lazy\" decoding=\"async\" class=\" wp-image-1502 alignleft\" title=\"IV Jornada Intergeneracional: EL MON DE LES EMOCIONS\u201d Un cam\u00ed que ens acompanya al llarg de la vida\" src=\"http:\/\/insmonturiol.cat\/wp-content\/uploads\/2012\/11\/IMG_9366-300x200.jpg\" alt=\"\" width=\"243\" height=\"162\" \/><\/a><\/td>\n<\/tr>\n<\/tbody>\n<\/table>\n","protected":false},"excerpt":{"rendered":"<p>El passat 18 d\u2019octubre, al Casal de la Gent Gran Vall d\u2019Hebr\u00f3 es va celebrar l\u2019Activitat Intergeneracional<\/p>\n<p>\u201cEL M\u00d3N DE LES EMOCIONS\u201d Un cam\u00ed que ens acompanya al llarg de la vida<br \/>\nCom altres anys, l\u2019experi\u00e8ncia de di\u00e0leg entre la generaci\u00f3 dels avis i la del nostre&hellip;  <a href=\"https:\/\/agora.xtec.cat\/iesnarcismonturiol\/general\/iv-jornada-intergeneracional-el-mon-de-les-emocions\/\" title=\"Read IV JORNADA INTERGENERACIONAL : \u201cEL M\u00d3N DE LES EMOCIONS\u201d\">Llegeix m\u00e9s\u00bb<\/a><\/p>\n","protected":false},"author":5,"featured_media":5144,"comment_status":"closed","ping_status":"closed","sticky":false,"template":"","format":"standard","meta":{"_bbp_topic_count":0,"_bbp_reply_count":0,"_bbp_total_topic_count":0,"_bbp_total_reply_count":0,"_bbp_voice_count":0,"_bbp_anonymous_reply_count":0,"_bbp_topic_count_hidden":0,"_bbp_reply_count_hidden":0,"_bbp_forum_subforum_count":0,"footnotes":""},"categories":[1],"tags":[303,318],"class_list":["post-1503","post","type-post","status-publish","format-standard","has-post-thumbnail","hentry","category-general","tag-solidaritat","tag-tutoria"],"post_mailing_queue_ids":[],"_links":{"self":[{"href":"https:\/\/agora.xtec.cat\/iesnarcismonturiol\/wp-json\/wp\/v2\/posts\/1503","targetHints":{"allow":["GET"]}}],"collection":[{"href":"https:\/\/agora.xtec.cat\/iesnarcismonturiol\/wp-json\/wp\/v2\/posts"}],"about":[{"href":"https:\/\/agora.xtec.cat\/iesnarcismonturiol\/wp-json\/wp\/v2\/types\/post"}],"author":[{"embeddable":true,"href":"https:\/\/agora.xtec.cat\/iesnarcismonturiol\/wp-json\/wp\/v2\/users\/5"}],"replies":[{"embeddable":true,"href":"https:\/\/agora.xtec.cat\/iesnarcismonturiol\/wp-json\/wp\/v2\/comments?post=1503"}],"version-history":[{"count":0,"href":"https:\/\/agora.xtec.cat\/iesnarcismonturiol\/wp-json\/wp\/v2\/posts\/1503\/revisions"}],"wp:featuredmedia":[{"embeddable":true,"href":"https:\/\/agora.xtec.cat\/iesnarcismonturiol\/wp-json\/wp\/v2\/media\/5144"}],"wp:attachment":[{"href":"https:\/\/agora.xtec.cat\/iesnarcismonturiol\/wp-json\/wp\/v2\/media?parent=1503"}],"wp:term":[{"taxonomy":"category","embeddable":true,"href":"https:\/\/agora.xtec.cat\/iesnarcismonturiol\/wp-json\/wp\/v2\/categories?post=1503"},{"taxonomy":"post_tag","embeddable":true,"href":"https:\/\/agora.xtec.cat\/iesnarcismonturiol\/wp-json\/wp\/v2\/tags?post=1503"}],"curies":[{"name":"wp","href":"https:\/\/api.w.org\/{rel}","templated":true}]}}