{"id":1365,"date":"2012-10-15T09:34:40","date_gmt":"2012-10-15T09:34:40","guid":{"rendered":"http:\/\/insmonturiol.cat\/camera-i-accio-comenca-el-bloc-del-projecte-cinema-en-curs-2012-2013"},"modified":"2012-10-15T09:34:40","modified_gmt":"2012-10-15T09:34:40","slug":"camera-i-accio-comenca-el-bloc-del-projecte-cinema-en-curs-2012-2013","status":"publish","type":"post","link":"https:\/\/agora.xtec.cat\/iesnarcismonturiol\/general\/camera-i-accio-comenca-el-bloc-del-projecte-cinema-en-curs-2012-2013\/","title":{"rendered":"C\u00e0mera i acci\u00f3: comen\u00e7a el bloc del Projecte Cinema en curs 2012-2013"},"content":{"rendered":"<p style=\"text-align: center;\">\u00a0<a href=\"http:\/\/insmonturiol.cat\/wp-content\/uploads\/2012\/10\/200px-Clap_cinema.svg_.png\"><img loading=\"lazy\" decoding=\"async\" class=\"aligncenter size-thumbnail wp-image-1370\" title=\"200px-Clap_cinema.svg\" src=\"http:\/\/insmonturiol.cat\/wp-content\/uploads\/2012\/10\/200px-Clap_cinema.svg_-150x150.png\" alt=\"\" width=\"150\" height=\"150\" \/><\/a><\/p>\n<p>Dimecres passat l&#8217;alumnat de 4t d&#8217;ESO que participa en el Projecte de Cinema en Curs va comen\u00e7ar a publicar el bloc de cinema.<\/p>\n<p>En aquest bloc us aniran explicant les seves experi\u00e8ncies i els seus aprenentatges en el m\u00f3n del cinema. De la m\u00e0 d&#8217;en Pep Garrido i la Isabel Ribera treballaran les pr\u00e0ctiques que composen aquest treball que els conduir\u00e0 a la producci\u00f3 del film final.<\/p>\n<p>&nbsp;<\/p>\n<p>seguiu el bloc a:\u00a0<a href=\"http:\/\/bloc.cinemaencurs.org\/ca\/posts\/usuari\/nmonturiol\">http:\/\/bloc.cinemaencurs.org\/ca\/posts\/usuari\/nmonturiol<\/a><\/p>\n<p><img decoding=\"async\" src=\"http:\/\/bloc.cinemaencurs.org\/sites\/all\/themes\/cinecursblog\/logo.png\" alt=\"Inici\" \/><a href=\"http:\/\/blocs.xtec.cat\/cinemaencurs1213\/\">http:\/\/blocs.xtec.cat\/cinemaencurs1213\/<\/a><\/p>\n<p>&nbsp;<\/p>\n","protected":false},"excerpt":{"rendered":"<p>\u00a0<a href=\"http:\/\/insmonturiol.cat\/wp-content\/uploads\/2012\/10\/200px-Clap_cinema.svg_.png\"><\/a><br \/>\nDimecres passat l&#8217;alumnat de 4t d&#8217;ESO que participa en el Projecte de Cinema en Curs va comen\u00e7ar a publicar el bloc de cinema.<br \/>\nEn aquest bloc us aniran explicant les seves experi\u00e8ncies i els seus aprenentatges en el m\u00f3n del cinema. De la m\u00e0 d&#8217;en&hellip;  <a href=\"https:\/\/agora.xtec.cat\/iesnarcismonturiol\/general\/camera-i-accio-comenca-el-bloc-del-projecte-cinema-en-curs-2012-2013\/\" title=\"Read C\u00e0mera i acci\u00f3: comen\u00e7a el bloc del Projecte Cinema en curs 2012-2013\">Llegeix m\u00e9s\u00bb<\/a><\/p>\n","protected":false},"author":5,"featured_media":4654,"comment_status":"open","ping_status":"open","sticky":false,"template":"","format":"standard","meta":{"_bbp_topic_count":0,"_bbp_reply_count":0,"_bbp_total_topic_count":0,"_bbp_total_reply_count":0,"_bbp_voice_count":0,"_bbp_anonymous_reply_count":0,"_bbp_topic_count_hidden":0,"_bbp_reply_count_hidden":0,"_bbp_forum_subforum_count":0,"footnotes":""},"categories":[128,1],"tags":[179],"class_list":["post-1365","post","type-post","status-publish","format-standard","has-post-thumbnail","hentry","category-expressio","category-general","tag-cinema-en-curs"],"post_mailing_queue_ids":[],"_links":{"self":[{"href":"https:\/\/agora.xtec.cat\/iesnarcismonturiol\/wp-json\/wp\/v2\/posts\/1365","targetHints":{"allow":["GET"]}}],"collection":[{"href":"https:\/\/agora.xtec.cat\/iesnarcismonturiol\/wp-json\/wp\/v2\/posts"}],"about":[{"href":"https:\/\/agora.xtec.cat\/iesnarcismonturiol\/wp-json\/wp\/v2\/types\/post"}],"author":[{"embeddable":true,"href":"https:\/\/agora.xtec.cat\/iesnarcismonturiol\/wp-json\/wp\/v2\/users\/5"}],"replies":[{"embeddable":true,"href":"https:\/\/agora.xtec.cat\/iesnarcismonturiol\/wp-json\/wp\/v2\/comments?post=1365"}],"version-history":[{"count":0,"href":"https:\/\/agora.xtec.cat\/iesnarcismonturiol\/wp-json\/wp\/v2\/posts\/1365\/revisions"}],"wp:featuredmedia":[{"embeddable":true,"href":"https:\/\/agora.xtec.cat\/iesnarcismonturiol\/wp-json\/wp\/v2\/media\/4654"}],"wp:attachment":[{"href":"https:\/\/agora.xtec.cat\/iesnarcismonturiol\/wp-json\/wp\/v2\/media?parent=1365"}],"wp:term":[{"taxonomy":"category","embeddable":true,"href":"https:\/\/agora.xtec.cat\/iesnarcismonturiol\/wp-json\/wp\/v2\/categories?post=1365"},{"taxonomy":"post_tag","embeddable":true,"href":"https:\/\/agora.xtec.cat\/iesnarcismonturiol\/wp-json\/wp\/v2\/tags?post=1365"}],"curies":[{"name":"wp","href":"https:\/\/api.w.org\/{rel}","templated":true}]}}