{"id":1115,"date":"2012-07-13T18:30:42","date_gmt":"2012-07-13T18:30:42","guid":{"rendered":"http:\/\/insmonturiol.cat\/llibres-de-text-curs-2012-2013"},"modified":"2012-07-13T18:30:42","modified_gmt":"2012-07-13T18:30:42","slug":"llibres-de-text-curs-2012-2013","status":"publish","type":"post","link":"https:\/\/agora.xtec.cat\/iesnarcismonturiol\/general\/llibres-de-text-curs-2012-2013\/","title":{"rendered":"LLIBRES DE TEXT CURS 2012-2013"},"content":{"rendered":"<p style=\"text-align: left;\">Per tal de preparar el nou curs us detallem a continuaci\u00f3 els llibres de text per a l&#8217;ESO i el Batxillerat.<\/p>\n<p style=\"text-align: left;\">Us recordem que al juny va comen\u00e7ar la recollida de llibres per a reutilitzaci\u00f3 i que al setembre se&#8217;n far\u00e0 una nova recollida. Aquest curs la Comissi\u00f3 de Reutilitzaci\u00f3 i els delegats i delegades d&#8217;Escoles Verdes han organitzat un taller de reparaci\u00f3 de llibres per a tot l&#8217;alumnat, amb l&#8217;objectiu de mantenir els llibres en bon estat.<\/p>\n<p style=\"text-align: left;\">Us recordem que l&#8217;AMPA de l&#8217;Institut us ofereix el servei de venda de llibre de text nou i que ben aviat rebreu la seva carta amb tota la informaci\u00f3 que us cal.<\/p>\n<p style=\"text-align: left;\">En el cas de l&#8217;alumnat amb mat\u00e8ries pendents per Setembre, l&#8217;AMPA us facilitar\u00e0 els llistats de llibres dels dos cursos.<\/p>\n<p style=\"text-align: center;\"><strong><span style=\"color: #000080;\">1r d&#8217;ESO<\/span><\/strong><\/p>\n<p><a href=\"http:\/\/insmonturiol.cat\/wp-content\/uploads\/2012\/07\/1r-dESO-taula.jpg\"><img loading=\"lazy\" decoding=\"async\" class=\"alignleft size-full wp-image-1198\" title=\"1r d'ESO taula\" src=\"http:\/\/insmonturiol.cat\/wp-content\/uploads\/2012\/07\/1r-dESO-taula.jpg\" alt=\"\" width=\"497\" height=\"334\"><\/a><\/p>\n<p>&nbsp;<\/p>\n<p>&nbsp;<\/p>\n<p>&nbsp;<\/p>\n<p>&nbsp;<\/p>\n<p>&nbsp;<\/p>\n<p>&nbsp;<\/p>\n<p>&nbsp;<\/p>\n<p>&nbsp;<\/p>\n<p>&nbsp;<\/p>\n<p>&nbsp;<\/p>\n<p>&nbsp;<\/p>\n<p>\uf04b \u00c9s obligat\u00f2ri disposar de l\u2019AGENDA ESCOLAR de l\u2019Institut que es pot adquirir els dies de la venda de llibres. L\u2019AMPA en subvenciona una part.<\/p>\n<p>\uf04b \u00c9s obligat\u00f2ri disposar d\u2019un diccionari d\u2019angl\u00e8s. Es recomana, entre d\u2019altres, el nou Diccionari Pocket de la editorial Macmillan amb CD.<\/p>\n<p>\uf04b A lengua castellana seran de lectura obligat\u00f2ria els llibres:<\/p>\n<p>\u2022 J. M. Olaizola. El t\u00edo Bin Floren. Ed. Planeta\/Oxford. Col. Nautilus.<br \/>\n\u2022 Jordi Sierra i Fabra. La m\u00fasica del viento. Planeta lector (cuatro vientos).<br \/>\n\u2022 C. Ruiz Zaf\u00f3n. El pr\u00edncipe de la niebla. Editorial Planeta (Booket).<\/p>\n<p>\uf04b A llengua catalana i literatura seran de lectura obligat\u00f2ria els llibres:<\/p>\n<p>\u2022 Roald Dahl. Charlie i la f\u00e0brica de xocolata. La Magrana. Col\u2022lecci\u00f3 L\u2019Esparver. Barcelona, 2005.<br \/>\n\u2022 Jaume Fuster. Les cartes d\u2019H\u00e8rcules Poirot. Ed. 62. El Cangur.<\/p>\n<p>&nbsp;<\/p>\n<p style=\"text-align: center;\"><span style=\"color: #0000ff;\"><strong>2n d&#8217;ESO<\/strong><\/span><\/p>\n<p><a href=\"http:\/\/insmonturiol.cat\/wp-content\/uploads\/2012\/07\/2n-deso-quadre.jpg\"><img loading=\"lazy\" decoding=\"async\" class=\"alignleft size-full wp-image-1207\" title=\"2n d'eso quadre\" src=\"http:\/\/insmonturiol.cat\/wp-content\/uploads\/2012\/07\/2n-deso-quadre.jpg\" alt=\"\" width=\"563\" height=\"365\"><\/a><\/p>\n<p>&nbsp;<\/p>\n<p>\uf04b \u00c9s obligat\u00f2ri disposar de l\u2019AGENDA ESCOLAR de l\u2019Institut que es pot adquirir els dies de la venda de llibres. L\u2019AMPA en subvenciona una part.<\/p>\n<p>\uf04b A l\u2019alumnat d\u2019ESO se li recomana el diccionari d\u2019angl\u00e8s-catal\u00e0 Oxford Pocket (no \u00e9s obligatori).<\/p>\n<p>\uf04b A lengua castellana seran de lectura obligat\u00f2ria els llibres:<\/p>\n<p>\u2022 Marina Mayoral. Tristes armas. Ed. Anaya. Col. Espacio abierto.<\/p>\n<p>\u2022 Ana Alcolea. Donde aprenden a volar las gaviotas. Ed. Anaya.&nbsp;Col. Espacio abierto.<\/p>\n<p>\u2022 Agata Christie. La ratonera. Ed. Vicens Vives (Aula de literatura).<\/p>\n<p>\uf04b A llengua catalana i literatura seran de lectura obligat\u00f2ria els llibres:<\/p>\n<p>\u2022 Pep Coll, Qu\u00e8 farem, qu\u00e8 direm, Ed Cru\u00eflla. Barcelona, 2009.<\/p>\n<p>\u2022 Josep Frederic P\u00e9rez. Una setmana m\u00e9s, sisplau! Ed. Cru\u00eflla. Barcelona, 2008.<\/p>\n<p><span style=\"text-decoration: underline;\">Grup de refor\u00e7<\/span><\/p>\n<p>\u2022 Adaptaci\u00f3 de Merc\u00e8 Ubach. Dr\u00e0cula. Ed. 62. Educaula. Llibre obert.<\/p>\n<p>\u2022 Lewis Carroll. Les aventures d\u2019Al\u00edcia al Pa\u00eds de Meravelles. Ed. Teide. Biblioteca Teide, 4.<\/p>\n<p>&nbsp;<\/p>\n<p style=\"text-align: center;\">&nbsp;<span style=\"color: #3366ff;\"><strong>3r d&#8217;ESO<\/strong><\/span><\/p>\n<p><a href=\"http:\/\/insmonturiol.cat\/wp-content\/uploads\/2012\/07\/3r-deso-taula1.jpg\"><img loading=\"lazy\" decoding=\"async\" class=\"alignleft size-full wp-image-1226\" title=\"3r d'eso taula\" src=\"http:\/\/insmonturiol.cat\/wp-content\/uploads\/2012\/07\/3r-deso-taula1.jpg\" alt=\"\" width=\"584\" height=\"495\"><\/a><\/p>\n<p>&nbsp;<\/p>\n<p>\uf04b \u00c9s obligat\u00f2ri disposar de l\u2019AGENDA ESCOLAR de l\u2019Institut que es pot adquirir els dies de la venda de llibres. L\u2019AMPA en subvenciona una part.<\/p>\n<p>\uf04b A l\u2019alumnat d\u2019ESO se li recomana el diccionari d\u2019angl\u00e8s-catal\u00e0 Oxford Pocket (no \u00e9s obligatori).<\/p>\n<p>\uf04b A lengua castellana seran de lectura obligat\u00f2ria els llibres:<br \/>\n\u2022 Fernando Fern\u00e1n G\u00f3mez. Les bicicletas son para el verano. &nbsp;Ed. Vicens Vives. Col. \u201cCl\u00e1sicos hispanos\u201d.<br \/>\n\u2022 Ignacio Mart\u00ednez de Pis\u00f3n. Carreteras Secundarias.&nbsp;Ed. Boocket. Col. \u201cCompactos\u201d.\u2022 Manuel L. Alonso. Las pelirrojas traen mala suerte.&nbsp;Ed. Alfaguara. Col. \u201cSerie roja\u201d<\/p>\n<p>\uf04b A llengua catalana i literatura seran de lectura obligat\u00f2ria els llibres:<br \/>\n\u2022 Fred Uhlman. L\u2019amic retrobat. Ed. Columna. La butxaca.<br \/>\n\u2022 \u00c0ngel Guimer\u00e0. La filla del mar. Ed. 62. Educaci\u00f3 62.<\/p>\n<p><span style=\"text-decoration: underline;\">Grup de refor\u00e7<\/span><br \/>\n\u2022 El geperut i altres contes de \u201cLes mil i una nits\u201d. Ed. Vicens Vives. Cucanya, 12.<br \/>\n\u2022 Maria Merc\u00e8 Roca. Com un miratge. Ed. Barcanova. Antaviana Nova, 88.<\/p>\n<p>&nbsp;<\/p>\n<p style=\"text-align: center;\"><span style=\"color: #00ccff;\">4t d&#8217;ESO<\/span><\/p>\n<p>&nbsp;<\/p>\n<p style=\"text-align: left;\"><a href=\"http:\/\/insmonturiol.cat\/wp-content\/uploads\/2012\/07\/4t-eso-taula.jpg\"><img loading=\"lazy\" decoding=\"async\" class=\"alignleft size-full wp-image-1238\" title=\"4t eso taula\" src=\"http:\/\/insmonturiol.cat\/wp-content\/uploads\/2012\/07\/4t-eso-taula.jpg\" alt=\"\" width=\"576\" height=\"383\"><\/a><\/p>\n<p>&nbsp;<\/p>\n<p>\uf04b \u00c9s obligat\u00f2ri disposar de l\u2019AGENDA ESCOLAR de l\u2019Institut que es pot adquirir els dies de la venda de llibres. L\u2019AMPA en subvenciona una part.<\/p>\n<p>\uf04b A l\u2019alumnat d\u2019ESO se li recomana el diccionari d\u2019angl\u00e8s-catal\u00e0 Oxford Pocket (no \u00e9s obligatori).<\/p>\n<p>\uf04b A lengua castellana seran de lectura obligat\u00f2ria els llibres:<\/p>\n<p>\u2022 J. B. Priestley. La visita del inspector. Ed. Vicens Vives.<br \/>\n\u2022 Arturo P\u00e9rez-Reverte. Territorio comanche. Col. \u201cDebolsillo\u201d.<br \/>\n\u2022 Ernesto S\u00e1bato. El t\u00fanel. Ed. C\u00e1tedra. Col. \u201cLetras hisp\u00e1nicas\u201d.<\/p>\n<p>\uf04b A llengua catalana i literatura seran de lectura obligat\u00f2ria els llibres:<\/p>\n<p>\u2022 \u00c0ngel Guimer\u00e0. La filla del mar. Ed. 62. Col. Educaci\u00f3 62 n\u00fam. 35.<\/p>\n<p style=\"text-align: center;\"><span style=\"color: #008000;\"><strong>4t d&#8217;ESO adaptat<\/strong><\/span><\/p>\n<p style=\"text-align: left;\"><a href=\"http:\/\/insmonturiol.cat\/wp-content\/uploads\/2012\/07\/4t-eso-adaptat-taula.jpg\"><img loading=\"lazy\" decoding=\"async\" class=\"alignleft size-full wp-image-1257\" title=\"4t eso adaptat taula\" src=\"http:\/\/insmonturiol.cat\/wp-content\/uploads\/2012\/07\/4t-eso-adaptat-taula.jpg\" alt=\"\" width=\"579\" height=\"401\"><\/a><\/p>\n<p>&nbsp;<\/p>\n<p>\uf04b \u00c9s obligat\u00f2ri disposar de l\u2019AGENDA ESCOLAR de l\u2019Institut que es pot adquirir els dies de la venda de llibres. L\u2019AMPA en subvenciona una part.<\/p>\n<p>\uf04b A l\u2019alumnat d\u2019ESO se li recomana el diccionari d\u2019angl\u00e8s-catal\u00e0 Oxford Pocket (no \u00e9s obligatori).<\/p>\n<p>\uf04b A lengua castellana seran de lectura obligat\u00f2ria els llibres:<\/p>\n<p>\u2022 J. B. Priestley. La visita del inspector. Ed. Vicens Vives.<br \/>\n\u2022 Arturo P\u00e9rez-Reverte. Territorio comanche. Col. \u201cDebolsillo\u201d.<br \/>\n\u2022 Ernesto S\u00e1bato. El t\u00fanel. Ed. C\u00e1tedra. Col. \u201cLetras hisp\u00e1nicas\u201d.<\/p>\n<p>\uf04b A llengua catalana i literatura seran de lectura obligat\u00f2ria els llibres:<\/p>\n<p>\u2022 Joan Puig i Ferrater. Aig\u00fces encantades. Ed. 62. Col. Educaci\u00f3 62 n\u00fam. 30.<\/p>\n<p style=\"text-align: center;\"><strong><span style=\"color: #339966;\">1r BATXILLERAT<\/span><\/strong><\/p>\n<p><a href=\"http:\/\/insmonturiol.cat\/wp-content\/uploads\/2012\/07\/1r-batxillerat-quadre.jpg\"><img loading=\"lazy\" decoding=\"async\" class=\"alignleft size-full wp-image-1248\" title=\"1r batxillerat quadre\" src=\"http:\/\/insmonturiol.cat\/wp-content\/uploads\/2012\/07\/1r-batxillerat-quadre.jpg\" alt=\"\" width=\"576\" height=\"583\"><\/a><\/p>\n<p>&nbsp;<\/p>\n<p>\uf04b A l\u2019alumnat de batxillerat se li recomana el diccionari d\u2019angl\u00e8s Oxford Study.<br \/>\n\uf04b A llat\u00ed es recomanen els diccionaris:<br \/>\nDE diccionari l\u2019Enciclop\u00e8dia Catalana.<br \/>\nVOX ed SPES llat\u00ed-catal\u00e0\/catal\u00e0-llat\u00ed.<\/p>\n<p>\uf04b A lengua castellana seran de lectura obligat\u00f2ria els llibres:<br \/>\n\u2022 Miguel Mihura. Tres sombreros de copa. Ed. Vicens Vives.<br \/>\n\u2022 Fernando de Rojas. La Celestina. Ed. Vicens Vives. Col. \u201cCl\u00e1sicos hisp\u00e1nicos\u201d:<\/p>\n<p>\uf04b A llengua catalana i literatura seran de lectura obligat\u00f2ria els llibres:<br \/>\n\u2022 Joanot Martorell. Tirant lo Blanc. Ed. Proa. Col\u2022lecci\u00f3 Les Eines n\u00fam. 72.<\/p>\n<p>&nbsp;<\/p>\n<p>&nbsp;<\/p>\n<p style=\"text-align: center;\"><strong><span style=\"color: #00ff00;\">2n BATXILLERAT<\/span><\/strong><\/p>\n<p>&nbsp;<\/p>\n<p style=\"text-align: center;\"><a href=\"http:\/\/insmonturiol.cat\/wp-content\/uploads\/2012\/07\/2n-batxillerat-quadre.jpg\"><img loading=\"lazy\" decoding=\"async\" class=\"alignleft size-full wp-image-1249\" title=\"2n batxillerat quadre\" src=\"http:\/\/insmonturiol.cat\/wp-content\/uploads\/2012\/07\/2n-batxillerat-quadre.jpg\" alt=\"\" width=\"613\" height=\"583\"><\/a><\/p>\n<p>\uf04b A l\u2019alumnat de batxillerat se li recomana el diccionari d\u2019angl\u00e8s Oxford Study.<\/p>\n<p>\uf04b A llat\u00ed es recomanen els diccionaris: DE diccionari l\u2019Enciclop\u00e8dia Catalana<br \/>\nVOX ed SPES llat\u00ed-catal\u00e0\/catal\u00e0-llat\u00ed<br \/>\n<a href=\"http:\/\/insmonturiol.cat\/wp-content\/uploads\/2012\/07\/2n-batxillerat-quadre-lectures.jpg\"><img loading=\"lazy\" decoding=\"async\" class=\"alignleft size-full wp-image-1252\" title=\"2n batxillerat quadre lectures\" src=\"http:\/\/insmonturiol.cat\/wp-content\/uploads\/2012\/07\/2n-batxillerat-quadre-lectures.jpg\" alt=\"\" width=\"642\" height=\"198\"><\/a><\/p>\n","protected":false},"excerpt":{"rendered":"<p>Per tal de preparar el nou curs us detallem a continuaci\u00f3 els llibres de text per a l&#8217;ESO i el Batxillerat.<br \/>\nUs recordem que al juny va comen\u00e7ar la recollida de llibres per a reutilitzaci\u00f3 i que al setembre se&#8217;n far\u00e0 una nova recollida. Aquest curs&hellip;  <a href=\"https:\/\/agora.xtec.cat\/iesnarcismonturiol\/general\/llibres-de-text-curs-2012-2013\/\" title=\"Read LLIBRES DE TEXT CURS 2012-2013\">Llegeix m\u00e9s\u00bb<\/a><\/p>\n","protected":false},"author":5,"featured_media":5222,"comment_status":"closed","ping_status":"closed","sticky":false,"template":"","format":"standard","meta":{"_bbp_topic_count":0,"_bbp_reply_count":0,"_bbp_total_topic_count":0,"_bbp_total_reply_count":0,"_bbp_voice_count":0,"_bbp_anonymous_reply_count":0,"_bbp_topic_count_hidden":0,"_bbp_reply_count_hidden":0,"_bbp_forum_subforum_count":0,"footnotes":""},"categories":[1],"tags":[],"class_list":["post-1115","post","type-post","status-publish","format-standard","has-post-thumbnail","hentry","category-general"],"post_mailing_queue_ids":[],"_links":{"self":[{"href":"https:\/\/agora.xtec.cat\/iesnarcismonturiol\/wp-json\/wp\/v2\/posts\/1115","targetHints":{"allow":["GET"]}}],"collection":[{"href":"https:\/\/agora.xtec.cat\/iesnarcismonturiol\/wp-json\/wp\/v2\/posts"}],"about":[{"href":"https:\/\/agora.xtec.cat\/iesnarcismonturiol\/wp-json\/wp\/v2\/types\/post"}],"author":[{"embeddable":true,"href":"https:\/\/agora.xtec.cat\/iesnarcismonturiol\/wp-json\/wp\/v2\/users\/5"}],"replies":[{"embeddable":true,"href":"https:\/\/agora.xtec.cat\/iesnarcismonturiol\/wp-json\/wp\/v2\/comments?post=1115"}],"version-history":[{"count":0,"href":"https:\/\/agora.xtec.cat\/iesnarcismonturiol\/wp-json\/wp\/v2\/posts\/1115\/revisions"}],"wp:featuredmedia":[{"embeddable":true,"href":"https:\/\/agora.xtec.cat\/iesnarcismonturiol\/wp-json\/wp\/v2\/media\/5222"}],"wp:attachment":[{"href":"https:\/\/agora.xtec.cat\/iesnarcismonturiol\/wp-json\/wp\/v2\/media?parent=1115"}],"wp:term":[{"taxonomy":"category","embeddable":true,"href":"https:\/\/agora.xtec.cat\/iesnarcismonturiol\/wp-json\/wp\/v2\/categories?post=1115"},{"taxonomy":"post_tag","embeddable":true,"href":"https:\/\/agora.xtec.cat\/iesnarcismonturiol\/wp-json\/wp\/v2\/tags?post=1115"}],"curies":[{"name":"wp","href":"https:\/\/api.w.org\/{rel}","templated":true}]}}