{"id":1070,"date":"2012-06-28T15:39:36","date_gmt":"2012-06-28T15:39:36","guid":{"rendered":"http:\/\/insmonturiol.cat\/curs-2011-2012-proves-extraordinaries-de-setembre"},"modified":"2012-06-28T15:39:36","modified_gmt":"2012-06-28T15:39:36","slug":"curs-2011-2012-proves-extraordinaries-de-setembre","status":"publish","type":"post","link":"https:\/\/agora.xtec.cat\/iesnarcismonturiol\/general\/curs-2011-2012-proves-extraordinaries-de-setembre\/","title":{"rendered":"CURS 2011-2012: PROVES EXTRAORDIN\u00c0RIES DE SETEMBRE"},"content":{"rendered":"<p><strong><span style=\"color: #333399;\"><span style=\"text-decoration: underline;\">PROVES EXTRAORDIN\u00c0RIES DE SETEMBRE CURS 2011-2012<\/span><\/span><\/strong><\/p>\n<p style=\"text-align: center;\"><span style=\"color: #ff6600;\"><strong><span style=\"text-decoration: underline;\"><span style=\"text-decoration: underline;\">ESO<\/span><\/span><\/strong><\/span><\/p>\n<p><span style=\"text-decoration: underline;\">Dimarts 4\/9\/2012<\/span><\/p>\n<p>9:00 hores: Catal\u00e0.<\/p>\n<p>10:00 hores: Angl\u00e8s<\/p>\n<p>11:00 hores: Ci\u00e8ncies de la naturalesa 1r, 2n i 3r.,\u00a0Biologia i geologia 4t,\u00a0F\u00edsica i Qu\u00edmica 4t.<\/p>\n<p>12:00 hores: Tecnologia,\u00a0Inform\u00e0tica 4t ,\u00a0Llat\u00ed 4t.<\/p>\n<p>13:00 hores: Educaci\u00f3 F\u00edsica<\/p>\n<p>&nbsp;<\/p>\n<p><span style=\"text-decoration: underline;\">Dimecres 5\/9\/2012<\/span><\/p>\n<p>9:00 hores: Matem\u00e0tiques<\/p>\n<p>10:00 hores: Castell\u00e0<\/p>\n<p>11:00 hores: Ci\u00e8ncies Socials.<\/p>\n<p>12:00 hores: M\u00fasica,\u00a0Educaci\u00f3 i Ciutadania 3r ,\u00a0Educaci\u00f3 \u00c8tico-C\u00edvica 4t<\/p>\n<p>13:00 hores: Educaci\u00f3 Visual i Pl\u00e0stica.<\/p>\n<p style=\"text-align: center;\"><strong><span style=\"text-decoration: underline; color: #ff6600;\"><span style=\"text-decoration: underline;\">1r. BATXILLERAT<\/span><\/span><\/strong><\/p>\n<p><span style=\"text-decoration: underline;\">Dimarts 4\/9\/2012\u00a0<\/span><\/p>\n<p>9:00 hores: Catal\u00e0<\/p>\n<p>10:00 hores: Angl\u00e8s<\/p>\n<p>11: 00 hores: F\u00edsica i Qu\u00edmica, Ci\u00e8ncies de la Terra i el Medi Ambient.<\/p>\n<p>12:00 hores: Tecnologia Industrial, Biologia, Llat\u00ed, Economia d&#8217;Empresa.<\/p>\n<p>13:00 hores: Educaci\u00f3 F\u00edsica, Ci\u00e8ncies per al m\u00f3n contemporani.<\/p>\n<p><span style=\"text-decoration: underline;\">Dimecres 5\/9\/2012<\/span><\/p>\n<p>9:00 hores: Matem\u00e0tiques, Matem\u00e0tiques aplicades a les Ci\u00e8ncies Socials, Grec.<\/p>\n<p>10:00 hores: Castell\u00e0, Economia, Franc\u00e8s.<\/p>\n<p>11:00 hores: Hist\u00f2ria del m\u00f3n contemporani.<\/p>\n<p>12:00 hores: Filosofia.<\/p>\n<p>13:00 hores: Dibuix T\u00e8cnic, Qu\u00edmica.<\/p>\n","protected":false},"excerpt":{"rendered":"<p>PROVES EXTRAORDIN\u00c0RIES DE SETEMBRE CURS 2011-2012<br \/>\nESO<br \/>\nDimarts 4\/9\/2012<br \/>\n9:00 hores: Catal\u00e0.<br \/>\n10:00 hores: Angl\u00e8s<br \/>\n11:00 hores: Ci\u00e8ncies de la naturalesa 1r, 2n i 3r.,\u00a0Biologia i geologia 4t,\u00a0F\u00edsica i Qu\u00edmica 4t.<br \/>\n12:00 hores: Tecnologia,\u00a0Inform\u00e0tica 4t ,\u00a0Llat\u00ed 4t.<br \/>\n13:00 hores: Educaci\u00f3 F\u00edsica<br \/>\n&nbsp;<br \/>\nDimecres 5\/9\/2012<br \/>\n9:00 hores: Matem\u00e0tiques<br \/>\n10:00 hores: Castell\u00e0<br \/>\n11:00 hores: Ci\u00e8ncies Socials.<br \/>\n12:00 hores: M\u00fasica,\u00a0Educaci\u00f3 i&hellip;  <a href=\"https:\/\/agora.xtec.cat\/iesnarcismonturiol\/general\/curs-2011-2012-proves-extraordinaries-de-setembre\/\" title=\"Read CURS 2011-2012: PROVES EXTRAORDIN\u00c0RIES DE SETEMBRE\">Llegeix m\u00e9s\u00bb<\/a><\/p>\n","protected":false},"author":5,"featured_media":6374,"comment_status":"closed","ping_status":"closed","sticky":false,"template":"","format":"standard","meta":{"_bbp_topic_count":0,"_bbp_reply_count":0,"_bbp_total_topic_count":0,"_bbp_total_reply_count":0,"_bbp_voice_count":0,"_bbp_anonymous_reply_count":0,"_bbp_topic_count_hidden":0,"_bbp_reply_count_hidden":0,"_bbp_forum_subforum_count":0,"footnotes":""},"categories":[1],"tags":[],"class_list":["post-1070","post","type-post","status-publish","format-standard","has-post-thumbnail","hentry","category-general"],"post_mailing_queue_ids":[],"_links":{"self":[{"href":"https:\/\/agora.xtec.cat\/iesnarcismonturiol\/wp-json\/wp\/v2\/posts\/1070","targetHints":{"allow":["GET"]}}],"collection":[{"href":"https:\/\/agora.xtec.cat\/iesnarcismonturiol\/wp-json\/wp\/v2\/posts"}],"about":[{"href":"https:\/\/agora.xtec.cat\/iesnarcismonturiol\/wp-json\/wp\/v2\/types\/post"}],"author":[{"embeddable":true,"href":"https:\/\/agora.xtec.cat\/iesnarcismonturiol\/wp-json\/wp\/v2\/users\/5"}],"replies":[{"embeddable":true,"href":"https:\/\/agora.xtec.cat\/iesnarcismonturiol\/wp-json\/wp\/v2\/comments?post=1070"}],"version-history":[{"count":0,"href":"https:\/\/agora.xtec.cat\/iesnarcismonturiol\/wp-json\/wp\/v2\/posts\/1070\/revisions"}],"wp:featuredmedia":[{"embeddable":true,"href":"https:\/\/agora.xtec.cat\/iesnarcismonturiol\/wp-json\/wp\/v2\/media\/6374"}],"wp:attachment":[{"href":"https:\/\/agora.xtec.cat\/iesnarcismonturiol\/wp-json\/wp\/v2\/media?parent=1070"}],"wp:term":[{"taxonomy":"category","embeddable":true,"href":"https:\/\/agora.xtec.cat\/iesnarcismonturiol\/wp-json\/wp\/v2\/categories?post=1070"},{"taxonomy":"post_tag","embeddable":true,"href":"https:\/\/agora.xtec.cat\/iesnarcismonturiol\/wp-json\/wp\/v2\/tags?post=1070"}],"curies":[{"name":"wp","href":"https:\/\/api.w.org\/{rel}","templated":true}]}}