{"id":10098,"date":"2011-07-11T09:09:28","date_gmt":"2011-07-11T09:09:28","guid":{"rendered":"http:\/\/insmonturiol.cat\/informacions-curs-2011-2012"},"modified":"2011-07-11T09:09:28","modified_gmt":"2011-07-11T09:09:28","slug":"informacions-curs-2011-2012","status":"publish","type":"post","link":"https:\/\/agora.xtec.cat\/iesnarcismonturiol\/general\/informacions-curs-2011-2012\/","title":{"rendered":"Informacions curs 2011-2012"},"content":{"rendered":"<p>Durant aquest mes de juliol rebreu dues cartes, una des del Centre en la que se us informa de l&#8217;inici de curs i la venda de llibres de reutilitzaci\u00f3 i llibres nous; i l&#8217;altra de l&#8217;Associaci\u00f3 de mares i pares amb informaci\u00f3 sobre llibres, menjador, armariets, etc&#8230;<\/p>\n<p>Us avancem informaci\u00f3 de l&#8217;inici del curs 2011-2012:<\/p>\n<p><strong>LLIBRES DE TEXT 2011-2012<\/strong><\/p>\n<table class=\"centre\" style=\"width: 35%;\" border=\"0\">\n<tbody>\n<tr>\n<td><img loading=\"lazy\" decoding=\"async\" title=\"pdf.gif\" src=\"http:\/\/insmonturiol.cat\/wp-content\/uploads\/2011\/05\/pdf.gif.png\" alt=\"PDF\" width=\"38\" height=\"38\" \/><\/td>\n<td><a title=\"2011-2012 2n BAT\" href=\"http:\/\/insmonturiol.cat\/wp-content\/uploads\/2011\/07\/2011-2012-2n-BAT.pdf\">2011-2012 2n BAT<\/a><\/td>\n<td><img loading=\"lazy\" decoding=\"async\" title=\"Finestra nova\" src=\"http:\/\/insmonturiol.cat\/wp-content\/uploads\/2011\/05\/nv_new.gif\" alt=\"\" width=\"17\" height=\"14\" \/><\/td>\n<\/tr>\n<tr>\n<td><img loading=\"lazy\" decoding=\"async\" title=\"pdf.gif\" src=\"http:\/\/insmonturiol.cat\/wp-content\/uploads\/2011\/05\/pdf.gif.png\" alt=\"PDF\" width=\"38\" height=\"38\" \/><\/td>\n<td><a title=\"2011-2012 1r BAT\" href=\"http:\/\/insmonturiol.cat\/wp-content\/uploads\/2011\/07\/2011-2012-1r-BAT.pdf\">2011-2012 1r BAT<\/a><\/td>\n<td><img loading=\"lazy\" decoding=\"async\" title=\"Finestra nova\" src=\"http:\/\/insmonturiol.cat\/wp-content\/uploads\/2011\/05\/nv_new.gif\" alt=\"\" width=\"17\" height=\"14\" \/><\/td>\n<\/tr>\n<tr>\n<td><img loading=\"lazy\" decoding=\"async\" title=\"pdf.gif\" src=\"http:\/\/insmonturiol.cat\/wp-content\/uploads\/2011\/05\/pdf.gif.png\" alt=\"PDF\" width=\"38\" height=\"38\" \/><\/td>\n<td><a title=\"2011-2012 4t d'ESO\" href=\"http:\/\/insmonturiol.cat\/wp-content\/uploads\/2011\/07\/2011-2012-4t-dESO.pdf\">2011-2012 4t d&#8217;ESO<\/a><\/td>\n<td><img loading=\"lazy\" decoding=\"async\" title=\"Finestra nova\" src=\"http:\/\/insmonturiol.cat\/wp-content\/uploads\/2011\/05\/nv_new.gif\" alt=\"\" width=\"17\" height=\"14\" \/><\/td>\n<\/tr>\n<tr>\n<td><img loading=\"lazy\" decoding=\"async\" title=\"pdf.gif\" src=\"http:\/\/insmonturiol.cat\/wp-content\/uploads\/2011\/05\/pdf.gif.png\" alt=\"PDF\" width=\"38\" height=\"38\" \/><\/td>\n<td><a title=\"2011-2012 3r d'ESO\" href=\"http:\/\/insmonturiol.cat\/wp-content\/uploads\/2011\/07\/2011-2012-3r-dESO.pdf\">2011-2012 3r d&#8217;ESO<\/a><\/td>\n<td><img loading=\"lazy\" decoding=\"async\" title=\"Finestra nova\" src=\"http:\/\/insmonturiol.cat\/wp-content\/uploads\/2011\/05\/nv_new.gif\" alt=\"\" width=\"17\" height=\"14\" \/><\/td>\n<\/tr>\n<tr>\n<td><img loading=\"lazy\" decoding=\"async\" title=\"pdf.gif\" src=\"http:\/\/insmonturiol.cat\/wp-content\/uploads\/2011\/05\/pdf.gif.png\" alt=\"PDF\" width=\"38\" height=\"38\" \/><\/td>\n<td><a title=\"2011-2012 2n d'ESO\" href=\"http:\/\/insmonturiol.cat\/wp-content\/uploads\/2011\/07\/2011-2012-2n-dESO.pdf\">2011-2012 2n d&#8217;ESO<\/a><\/td>\n<td><img loading=\"lazy\" decoding=\"async\" title=\"Finestra nova\" src=\"http:\/\/insmonturiol.cat\/wp-content\/uploads\/2011\/05\/nv_new.gif\" alt=\"\" width=\"17\" height=\"14\" \/><\/td>\n<\/tr>\n<tr>\n<td><img loading=\"lazy\" decoding=\"async\" title=\"pdf.gif\" src=\"http:\/\/insmonturiol.cat\/wp-content\/uploads\/2011\/05\/pdf.gif.png\" alt=\"PDF\" width=\"38\" height=\"38\" \/><\/td>\n<td><a title=\"2011-2012 1r d'ESO\" href=\"http:\/\/insmonturiol.cat\/wp-content\/uploads\/2011\/07\/2011-2012-1r-dESO.pdf\">2011-2012 1r d&#8217;ESO<\/a><\/td>\n<td><img loading=\"lazy\" decoding=\"async\" title=\"Finestra nova\" src=\"http:\/\/insmonturiol.cat\/wp-content\/uploads\/2011\/05\/nv_new.gif\" alt=\"\" width=\"17\" height=\"14\" \/><\/td>\n<\/tr>\n<\/tbody>\n<\/table>\n<p>&nbsp;<\/p>\n<p><strong>VENDA DE LLIBRES curs 2011-2012<\/strong><\/p>\n<p><strong>Llibre de text usat: <\/strong><br \/>\nRecollida: Els llibres es recolliran dilluns 5 i dimarts 6 de setembre d\u201911:00 a 13:00 hores.<\/p>\n<p>Venda:<\/p>\n<p>Fam\u00edlies que han portat llibres:<br \/>\n2n i 3r d\u2019ESO: dijous 8 de setembre de 17:00 a 19:30 hores.<br \/>\n4t d\u2019ESO, 1r i 2n BATXILLERAT: divendres 9 de setembre d\u201911:00 a 13:00 hores.<br \/>\n1r d\u2019ESO: dilluns 12 de setembre de 17:00 a 19:30 hores.<\/p>\n<p>Fam\u00edlies que no han portat llibres per reciclar i incid\u00e8ncies:<br \/>\ndimarts 13 de setembre de 17:00 a 19:30 hores.<\/p>\n<p><strong>Venda de llibres nous:<\/strong><br \/>\nPer gaudir del descompte s&#8217;ha d&#8217;haver pagat la quota de l&#8217;AMPA.<br \/>\nEn horari de 17:00 a 19:30 hores.<\/p>\n<p>1r d\u2019ESO: dilluns 12 de setembre.<br \/>\n2n i 3r d\u2019ESO: dimarts 13 de setembre.<br \/>\n4t d\u2019ESO, 1r i 2n de BATXILLERAT: dimecres 14 de setembre.<\/p>\n<p>Dijous 15 de setembre de 17:00 a 19:30 hores:<br \/>\nIncid\u00e8ncies i venda de llibres al no socis.<\/p>\n<p><strong>REUNIONS FAM\u00cdLIES SETEMBRE 2011<\/strong><\/p>\n<p>Dilluns 5 de setembre de 2011 18:00 hores 1r de Batxillerat<\/p>\n<p>Dimarts 6 de setembre de 2011 18:00 hores 1r d\u2019ESO<\/p>\n<p>Dimarts 6 de setembre de 2011 18:00 hores 4t d\u2019ESO C<\/p>\n<p>Us desitgem unes BONES VACANCES, aprofiteu per descansar, llegir, recarregar energies que us permetran comen\u00e7ar amb molt for\u00e7a el nou curs 2011-2012.<\/p>\n<p>Bon estiu.<br \/>\nL&#8217;equip directiu, claustre de professorat i pas.<\/p>\n","protected":false},"excerpt":{"rendered":"<p>Durant aquest mes de juliol rebreu dues cartes, una des del Centre en la que se us informa de l&#8217;inici de curs i la venda de llibres de reutilitzaci\u00f3 i llibres nous; i l&#8217;altra de l&#8217;Associaci\u00f3 de mares i pares amb informaci\u00f3 sobre llibres, menjador,&hellip;  <a href=\"https:\/\/agora.xtec.cat\/iesnarcismonturiol\/general\/informacions-curs-2011-2012\/\" title=\"Read Informacions curs 2011-2012\">Llegeix m\u00e9s\u00bb<\/a><\/p>\n","protected":false},"author":5,"featured_media":4490,"comment_status":"closed","ping_status":"closed","sticky":false,"template":"","format":"standard","meta":{"_bbp_topic_count":0,"_bbp_reply_count":0,"_bbp_total_topic_count":0,"_bbp_total_reply_count":0,"_bbp_voice_count":0,"_bbp_anonymous_reply_count":0,"_bbp_topic_count_hidden":0,"_bbp_reply_count_hidden":0,"_bbp_forum_subforum_count":0,"footnotes":""},"categories":[1],"tags":[],"class_list":["post-10098","post","type-post","status-publish","format-standard","has-post-thumbnail","hentry","category-general"],"post_mailing_queue_ids":[],"_links":{"self":[{"href":"https:\/\/agora.xtec.cat\/iesnarcismonturiol\/wp-json\/wp\/v2\/posts\/10098","targetHints":{"allow":["GET"]}}],"collection":[{"href":"https:\/\/agora.xtec.cat\/iesnarcismonturiol\/wp-json\/wp\/v2\/posts"}],"about":[{"href":"https:\/\/agora.xtec.cat\/iesnarcismonturiol\/wp-json\/wp\/v2\/types\/post"}],"author":[{"embeddable":true,"href":"https:\/\/agora.xtec.cat\/iesnarcismonturiol\/wp-json\/wp\/v2\/users\/5"}],"replies":[{"embeddable":true,"href":"https:\/\/agora.xtec.cat\/iesnarcismonturiol\/wp-json\/wp\/v2\/comments?post=10098"}],"version-history":[{"count":0,"href":"https:\/\/agora.xtec.cat\/iesnarcismonturiol\/wp-json\/wp\/v2\/posts\/10098\/revisions"}],"wp:featuredmedia":[{"embeddable":true,"href":"https:\/\/agora.xtec.cat\/iesnarcismonturiol\/wp-json\/wp\/v2\/media\/4490"}],"wp:attachment":[{"href":"https:\/\/agora.xtec.cat\/iesnarcismonturiol\/wp-json\/wp\/v2\/media?parent=10098"}],"wp:term":[{"taxonomy":"category","embeddable":true,"href":"https:\/\/agora.xtec.cat\/iesnarcismonturiol\/wp-json\/wp\/v2\/categories?post=10098"},{"taxonomy":"post_tag","embeddable":true,"href":"https:\/\/agora.xtec.cat\/iesnarcismonturiol\/wp-json\/wp\/v2\/tags?post=10098"}],"curies":[{"name":"wp","href":"https:\/\/api.w.org\/{rel}","templated":true}]}}