{"id":10095,"date":"2011-01-11T19:35:01","date_gmt":"2011-01-11T19:35:01","guid":{"rendered":"http:\/\/insmonturiol.cat\/agenda-21-escoles-verdes"},"modified":"2011-01-11T19:35:01","modified_gmt":"2011-01-11T19:35:01","slug":"agenda-21-escoles-verdes-3","status":"publish","type":"post","link":"https:\/\/agora.xtec.cat\/iesnarcismonturiol\/general\/agenda-21-escoles-verdes-3\/","title":{"rendered":"Agenda 21 &#8211; Escoles Verdes"},"content":{"rendered":"<p>Avui ens han visitat de la Societat Catalana d&#8217;Educaci\u00f3 Ambiental (SCEA) l&#8217;Ariadna i la Mariona, per enregistrar un dvd que ha de difondre la Carta de Responsabilitat signada a Brasilia el passat mes de juny. El Gerard i la Mireia del nostre institut i la Marta i la S\u00f2nia del col\u00b7legi Mare de D\u00e9u de la Merc\u00e9 de Sant Feliu de Llobregat; han explicat que ha representat per a tots ells poder assistir a la Confer\u00e8ncia Internacional <em>Vamos a cuidar del Planeta<\/em> celebrada a Brasilia del 3 al 10 de juny de 2010 <em>i<\/em> compartir amb nois i noies de 53 pa\u00efsos q\u00fcestions relacionades amb la cura del nostre planeta.<\/p>\n<p>video de presentaci\u00f3 de la confer\u00e8ncia <a href=\"http:\/\/insmonturiol.cat\/wp-content\/uploads\/2011\/01\/Brasilia-2010-3-al-10-juny2.wmv\">Brasilia 2010 3 al 10 juny<\/a><\/p>\n<p><a href=\"http:\/\/vamoscuidardoplaneta.net\/\">http:\/\/vamoscuidardoplaneta.net\/<\/a><\/p>\n<p><object width=\"535\" height=\"322\" classid=\"clsid:d27cdb6e-ae6d-11cf-96b8-444553540000\" codebase=\"http:\/\/download.macromedia.com\/pub\/shockwave\/cabs\/flash\/swflash.cab#version=6,0,40,0\"><param name=\"allowFullScreen\" value=\"true\" \/><param name=\"allowscriptaccess\" value=\"always\" \/><param name=\"src\" value=\"http:\/\/www.youtube.com\/v\/db9f6M9Offk?fs=1&amp;hl=es_ES\" \/><param name=\"allowfullscreen\" value=\"true\" \/><embed width=\"535\" height=\"322\" type=\"application\/x-shockwave-flash\" src=\"http:\/\/www.youtube.com\/v\/db9f6M9Offk?fs=1&amp;hl=es_ES\" allowfullscreen=\"allowfullscreen\" allowscriptaccess=\"always\" allowfullscreen=\"allowfullscreen\" \/><\/object><br \/>\nTan aviat com estigui editat el donarem a con\u00e8ixer.<\/p>\n","protected":false},"excerpt":{"rendered":"<p>Avui ens han visitat de la Societat Catalana d&#8217;Educaci\u00f3 Ambiental (SCEA) l&#8217;Ariadna i la Mariona, per enregistrar un dvd que ha de difondre la Carta de Responsabilitat signada a Brasilia el passat mes de juny. El Gerard i la Mireia del nostre institut i la&hellip;  <a href=\"https:\/\/agora.xtec.cat\/iesnarcismonturiol\/general\/agenda-21-escoles-verdes-3\/\" title=\"Read Agenda 21 &#8211; Escoles Verdes\">Llegeix m\u00e9s\u00bb<\/a><\/p>\n","protected":false},"author":5,"featured_media":5764,"comment_status":"closed","ping_status":"closed","sticky":false,"template":"","format":"standard","meta":{"_bbp_topic_count":0,"_bbp_reply_count":0,"_bbp_total_topic_count":0,"_bbp_total_reply_count":0,"_bbp_voice_count":0,"_bbp_anonymous_reply_count":0,"_bbp_topic_count_hidden":0,"_bbp_reply_count_hidden":0,"_bbp_forum_subforum_count":0,"footnotes":""},"categories":[127,1],"tags":[147,304],"class_list":["post-10095","post","type-post","status-publish","format-standard","has-post-thumbnail","hentry","category-escoles-sostenibles","category-general","tag-agenda-21","tag-sostenibilitat"],"post_mailing_queue_ids":[],"_links":{"self":[{"href":"https:\/\/agora.xtec.cat\/iesnarcismonturiol\/wp-json\/wp\/v2\/posts\/10095","targetHints":{"allow":["GET"]}}],"collection":[{"href":"https:\/\/agora.xtec.cat\/iesnarcismonturiol\/wp-json\/wp\/v2\/posts"}],"about":[{"href":"https:\/\/agora.xtec.cat\/iesnarcismonturiol\/wp-json\/wp\/v2\/types\/post"}],"author":[{"embeddable":true,"href":"https:\/\/agora.xtec.cat\/iesnarcismonturiol\/wp-json\/wp\/v2\/users\/5"}],"replies":[{"embeddable":true,"href":"https:\/\/agora.xtec.cat\/iesnarcismonturiol\/wp-json\/wp\/v2\/comments?post=10095"}],"version-history":[{"count":0,"href":"https:\/\/agora.xtec.cat\/iesnarcismonturiol\/wp-json\/wp\/v2\/posts\/10095\/revisions"}],"wp:featuredmedia":[{"embeddable":true,"href":"https:\/\/agora.xtec.cat\/iesnarcismonturiol\/wp-json\/wp\/v2\/media\/5764"}],"wp:attachment":[{"href":"https:\/\/agora.xtec.cat\/iesnarcismonturiol\/wp-json\/wp\/v2\/media?parent=10095"}],"wp:term":[{"taxonomy":"category","embeddable":true,"href":"https:\/\/agora.xtec.cat\/iesnarcismonturiol\/wp-json\/wp\/v2\/categories?post=10095"},{"taxonomy":"post_tag","embeddable":true,"href":"https:\/\/agora.xtec.cat\/iesnarcismonturiol\/wp-json\/wp\/v2\/tags?post=10095"}],"curies":[{"name":"wp","href":"https:\/\/api.w.org\/{rel}","templated":true}]}}