{"id":10090,"date":"2010-10-27T18:43:35","date_gmt":"2010-10-27T18:43:35","guid":{"rendered":"http:\/\/insmonturiol.cat\/agenda-21-escoles-verdes"},"modified":"2010-10-27T18:43:35","modified_gmt":"2010-10-27T18:43:35","slug":"agenda-21-escoles-verdes","status":"publish","type":"post","link":"https:\/\/agora.xtec.cat\/iesnarcismonturiol\/general\/agenda-21-escoles-verdes\/","title":{"rendered":"Agenda 21 &#8211; Escoles verdes"},"content":{"rendered":"<p>Des de fa molt temps, els aspectes relacionats amb el medi ambient han estat una preocupaci\u00f3 cabdal per a tots nosaltres. Per aquesta ra\u00f3 es cre\u00e0 la Comissi\u00f3 Mediambiental que s&#8217;encarrega de gestionar els projectes propis, del programa Escoles Verdes i de l&#8217;Agenda 21 al curs 2000-2001.<\/p>\n<p>Aix\u00ed, en el nostre institut hi ha instal\u00b7lacions per a la sostenibilitat (plaques solars, finestres amb doble vidre, pissarres que no reflecteixen la llum solar&#8230;), es fan campanyes per a l&#8217;estalvi energ\u00e8tic, de l&#8217;aigua i d&#8217;altres recursos, es fomenten les tres R&#8217;s (reduir, reutilitzar i reciclar en aquest ordre) i s&#8217;afavoreixen petits gestos d&#8217;aquest tipus i informaci\u00f3 mitjan\u00e7ant un bloc propi i els delegats de la Comissi\u00f3 de cada classe.<\/p>\n<ul>Com a principals projectes que es podrien considerar propis hi ha:<\/p>\n<ol>\u2022 La realitzaci\u00f3 de cr\u00e8dits variables de temes espec\u00edfics com la gesti\u00f3 dels residus, la sostenibilitat, etc. per tal d&#8217;aconseguir una formaci\u00f3 transversal i volunt\u00e0ria en mat\u00e8ria de medi ambient per a aquells que ho desitgin.<\/ol>\n<ol>\u2022 La reutilitzaci\u00f3 de llibres de text que es duu a terme des de fa anys i cada cop amb millors resultats i m\u00e9s participaci\u00f3.<\/ol>\n<ol>\u2022 Petites campanyes publicit\u00e0ries sobre la petjada ecol\u00f2gica basant-se en alguna enquesta pr\u00f2pia o sugger\u00e8ncies que arriben des de l&#8217;alumnat o el professorat.<\/ol>\n<ol>\u2022 Participaci\u00f3 en reunions i esdeveniments de caire ecologista fora del Centre.<\/ol>\n<\/ul>\n<p>&nbsp;<\/p>\n<ul>\n<ol>Per \u00faltim, la Comissi\u00f3 convoca petites reunions, on de vegades es convoquen els cursos per separat per dinamitzar-les i centrar l&#8217;atenci\u00f3 en uns temes en concret.<\/ol>\n<\/ul>\n","protected":false},"excerpt":{"rendered":"<p>Des de fa molt temps, els aspectes relacionats amb el medi ambient han estat una preocupaci\u00f3 cabdal per a tots nosaltres. Per aquesta ra\u00f3 es cre\u00e0 la Comissi\u00f3 Mediambiental que s&#8217;encarrega de gestionar els projectes propis, del programa Escoles Verdes i de l&#8217;Agenda 21 al&hellip;  <a href=\"https:\/\/agora.xtec.cat\/iesnarcismonturiol\/general\/agenda-21-escoles-verdes\/\" title=\"Read Agenda 21 &#8211; Escoles verdes\">Llegeix m\u00e9s\u00bb<\/a><\/p>\n","protected":false},"author":5,"featured_media":4618,"comment_status":"closed","ping_status":"closed","sticky":false,"template":"","format":"standard","meta":{"_bbp_topic_count":0,"_bbp_reply_count":0,"_bbp_total_topic_count":0,"_bbp_total_reply_count":0,"_bbp_voice_count":0,"_bbp_anonymous_reply_count":0,"_bbp_topic_count_hidden":0,"_bbp_reply_count_hidden":0,"_bbp_forum_subforum_count":0,"footnotes":""},"categories":[127,1],"tags":[147,210,304],"class_list":["post-10090","post","type-post","status-publish","format-standard","has-post-thumbnail","hentry","category-escoles-sostenibles","category-general","tag-agenda-21","tag-escoles-verdes","tag-sostenibilitat"],"post_mailing_queue_ids":[],"_links":{"self":[{"href":"https:\/\/agora.xtec.cat\/iesnarcismonturiol\/wp-json\/wp\/v2\/posts\/10090","targetHints":{"allow":["GET"]}}],"collection":[{"href":"https:\/\/agora.xtec.cat\/iesnarcismonturiol\/wp-json\/wp\/v2\/posts"}],"about":[{"href":"https:\/\/agora.xtec.cat\/iesnarcismonturiol\/wp-json\/wp\/v2\/types\/post"}],"author":[{"embeddable":true,"href":"https:\/\/agora.xtec.cat\/iesnarcismonturiol\/wp-json\/wp\/v2\/users\/5"}],"replies":[{"embeddable":true,"href":"https:\/\/agora.xtec.cat\/iesnarcismonturiol\/wp-json\/wp\/v2\/comments?post=10090"}],"version-history":[{"count":0,"href":"https:\/\/agora.xtec.cat\/iesnarcismonturiol\/wp-json\/wp\/v2\/posts\/10090\/revisions"}],"wp:featuredmedia":[{"embeddable":true,"href":"https:\/\/agora.xtec.cat\/iesnarcismonturiol\/wp-json\/wp\/v2\/media\/4618"}],"wp:attachment":[{"href":"https:\/\/agora.xtec.cat\/iesnarcismonturiol\/wp-json\/wp\/v2\/media?parent=10090"}],"wp:term":[{"taxonomy":"category","embeddable":true,"href":"https:\/\/agora.xtec.cat\/iesnarcismonturiol\/wp-json\/wp\/v2\/categories?post=10090"},{"taxonomy":"post_tag","embeddable":true,"href":"https:\/\/agora.xtec.cat\/iesnarcismonturiol\/wp-json\/wp\/v2\/tags?post=10090"}],"curies":[{"name":"wp","href":"https:\/\/api.w.org\/{rel}","templated":true}]}}