{"id":10064,"date":"2021-07-22T15:00:56","date_gmt":"2021-07-22T13:00:56","guid":{"rendered":"https:\/\/insmonturiol.cat\/?p=10064"},"modified":"2021-07-22T15:00:56","modified_gmt":"2021-07-22T13:00:56","slug":"bon-estiu-2021","status":"publish","type":"post","link":"https:\/\/agora.xtec.cat\/iesnarcismonturiol\/general\/bon-estiu-2021\/","title":{"rendered":"Bon estiu 2021!"},"content":{"rendered":"\n<p>Per fi podem acomiadar el curs 20-21. Un curs molt at\u00edpic i totalment excepcional, molt intens per\u00f2, malgrat totes aquestes circumst\u00e0ncies,\u00a0podem fer una valoraci\u00f3 molt positiva de tota la feina feta durant aquest any amb el nostre alumnat\u00a0i les fam\u00edlies.\u00a0<\/p>\n\n\n\n<p>Un curs que ha estat possible perqu\u00e8 entre tots els membres que formem part de la nostra petita comunitat ens hi hem posat les piles i ho hem aconseguit. <\/p>\n\n\n\n<p>Gr\u00e0cies per fer-ho possible!<\/p>\n\n\n\n<p>Ens veiem amb l&#8217;alumnat el dia 13 de setembre.<\/p>\n\n\n\n<p>Us desitgem unes molt bones vacances!!!<\/p>\n","protected":false},"excerpt":{"rendered":"<p>Per fi podem acomiadar el curs 20-21. Un curs molt at\u00edpic i totalment excepcional, molt intens per\u00f2, malgrat totes aquestes circumst\u00e0ncies,\u00a0podem fer una valoraci\u00f3 molt positiva de tota la feina feta durant aquest any amb el nostre alumnat\u00a0i les fam\u00edlies.\u00a0<\/p>\n<p>Un curs que ha estat possible&hellip;  <a href=\"https:\/\/agora.xtec.cat\/iesnarcismonturiol\/general\/bon-estiu-2021\/\" title=\"Read Bon estiu 2021!\">Llegeix m\u00e9s\u00bb<\/a><\/p>\n","protected":false},"author":5,"featured_media":10065,"comment_status":"closed","ping_status":"closed","sticky":true,"template":"","format":"standard","meta":{"_bbp_topic_count":0,"_bbp_reply_count":0,"_bbp_total_topic_count":0,"_bbp_total_reply_count":0,"_bbp_voice_count":0,"_bbp_anonymous_reply_count":0,"_bbp_topic_count_hidden":0,"_bbp_reply_count_hidden":0,"_bbp_forum_subforum_count":0,"footnotes":""},"categories":[125,1],"tags":[165,319],"class_list":["post-10064","post","type-post","status-publish","format-standard","has-post-thumbnail","hentry","category-destacada","category-general","tag-bon-estiu","tag-vacances"],"post_mailing_queue_ids":[],"_links":{"self":[{"href":"https:\/\/agora.xtec.cat\/iesnarcismonturiol\/wp-json\/wp\/v2\/posts\/10064","targetHints":{"allow":["GET"]}}],"collection":[{"href":"https:\/\/agora.xtec.cat\/iesnarcismonturiol\/wp-json\/wp\/v2\/posts"}],"about":[{"href":"https:\/\/agora.xtec.cat\/iesnarcismonturiol\/wp-json\/wp\/v2\/types\/post"}],"author":[{"embeddable":true,"href":"https:\/\/agora.xtec.cat\/iesnarcismonturiol\/wp-json\/wp\/v2\/users\/5"}],"replies":[{"embeddable":true,"href":"https:\/\/agora.xtec.cat\/iesnarcismonturiol\/wp-json\/wp\/v2\/comments?post=10064"}],"version-history":[{"count":0,"href":"https:\/\/agora.xtec.cat\/iesnarcismonturiol\/wp-json\/wp\/v2\/posts\/10064\/revisions"}],"wp:featuredmedia":[{"embeddable":true,"href":"https:\/\/agora.xtec.cat\/iesnarcismonturiol\/wp-json\/wp\/v2\/media\/10065"}],"wp:attachment":[{"href":"https:\/\/agora.xtec.cat\/iesnarcismonturiol\/wp-json\/wp\/v2\/media?parent=10064"}],"wp:term":[{"taxonomy":"category","embeddable":true,"href":"https:\/\/agora.xtec.cat\/iesnarcismonturiol\/wp-json\/wp\/v2\/categories?post=10064"},{"taxonomy":"post_tag","embeddable":true,"href":"https:\/\/agora.xtec.cat\/iesnarcismonturiol\/wp-json\/wp\/v2\/tags?post=10064"}],"curies":[{"name":"wp","href":"https:\/\/api.w.org\/{rel}","templated":true}]}}