{"id":10054,"date":"2021-07-06T15:48:18","date_gmt":"2021-07-06T13:48:18","guid":{"rendered":"https:\/\/insmonturiol.cat\/?p=10054"},"modified":"2021-07-06T15:48:18","modified_gmt":"2021-07-06T13:48:18","slug":"reutilitzacio-de-llibres-al-juliol","status":"publish","type":"post","link":"https:\/\/agora.xtec.cat\/iesnarcismonturiol\/general\/reutilitzacio-de-llibres-al-juliol\/","title":{"rendered":"Reutilitzaci\u00f3 de llibres al juliol"},"content":{"rendered":"\n<p>Com cada estiu, el projecte de reutilitzaci\u00f3 de llibres de l&#8217;institut Narc\u00eds Monturiol s&#8217;encarrega de recollir, esborrar i reparar els llibres de l&#8217;ESO per tal que puguin arribar en bones condicions als alumnes de l&#8217;any seg\u00fcent. Aquest projecte, \u00e9s possible gr\u00e0cies a la col\u00b7laboraci\u00f3 d&#8217;alumnes voluntaris i exalumnes de l&#8217;institut que organitzen i ajuden al juliol.<\/p>\n\n\n\n<p>Amb aquest projecte, per una part les fam\u00edlies poden estalviar diners, ja que el preu dels llibres reutilitzats \u00e9s m\u00e9s econ\u00f2mic que si es compren nous, i per l&#8217;altra part poden ajudar al medi ambient ja que els llibres tenen una segona vida.<\/p>\n\n\n\n<p>Alumnat responsable del Projecte de Reutilitzaci\u00f3 de llibres. <\/p>\n\n\n\n<p>Gr\u00e0cies nois i noies per seguir aquest projecte tan maco del Monturiol!<\/p>\n","protected":false},"excerpt":{"rendered":"<p>Com cada estiu, el projecte de reutilitzaci\u00f3 de llibres de l&#8217;institut Narc\u00eds Monturiol s&#8217;encarrega de recollir, esborrar i reparar els llibres de l&#8217;ESO per tal que puguin arribar en bones condicions als alumnes de l&#8217;any seg\u00fcent. Aquest projecte, \u00e9s possible gr\u00e0cies a la col\u00b7laboraci\u00f3 d&#8217;alumnes&hellip;  <a href=\"https:\/\/agora.xtec.cat\/iesnarcismonturiol\/general\/reutilitzacio-de-llibres-al-juliol\/\" title=\"Read Reutilitzaci\u00f3 de llibres al juliol\">Llegeix m\u00e9s\u00bb<\/a><\/p>\n","protected":false},"author":5,"featured_media":10055,"comment_status":"closed","ping_status":"closed","sticky":false,"template":"","format":"standard","meta":{"_bbp_topic_count":0,"_bbp_reply_count":0,"_bbp_total_topic_count":0,"_bbp_total_reply_count":0,"_bbp_voice_count":0,"_bbp_anonymous_reply_count":0,"_bbp_topic_count_hidden":0,"_bbp_reply_count_hidden":0,"_bbp_forum_subforum_count":0,"footnotes":""},"categories":[125,127,1],"tags":[247,296],"class_list":["post-10054","post","type-post","status-publish","format-standard","has-post-thumbnail","hentry","category-destacada","category-escoles-sostenibles","category-general","tag-llibres","tag-reutilitzacio"],"post_mailing_queue_ids":[],"_links":{"self":[{"href":"https:\/\/agora.xtec.cat\/iesnarcismonturiol\/wp-json\/wp\/v2\/posts\/10054","targetHints":{"allow":["GET"]}}],"collection":[{"href":"https:\/\/agora.xtec.cat\/iesnarcismonturiol\/wp-json\/wp\/v2\/posts"}],"about":[{"href":"https:\/\/agora.xtec.cat\/iesnarcismonturiol\/wp-json\/wp\/v2\/types\/post"}],"author":[{"embeddable":true,"href":"https:\/\/agora.xtec.cat\/iesnarcismonturiol\/wp-json\/wp\/v2\/users\/5"}],"replies":[{"embeddable":true,"href":"https:\/\/agora.xtec.cat\/iesnarcismonturiol\/wp-json\/wp\/v2\/comments?post=10054"}],"version-history":[{"count":0,"href":"https:\/\/agora.xtec.cat\/iesnarcismonturiol\/wp-json\/wp\/v2\/posts\/10054\/revisions"}],"wp:featuredmedia":[{"embeddable":true,"href":"https:\/\/agora.xtec.cat\/iesnarcismonturiol\/wp-json\/wp\/v2\/media\/10055"}],"wp:attachment":[{"href":"https:\/\/agora.xtec.cat\/iesnarcismonturiol\/wp-json\/wp\/v2\/media?parent=10054"}],"wp:term":[{"taxonomy":"category","embeddable":true,"href":"https:\/\/agora.xtec.cat\/iesnarcismonturiol\/wp-json\/wp\/v2\/categories?post=10054"},{"taxonomy":"post_tag","embeddable":true,"href":"https:\/\/agora.xtec.cat\/iesnarcismonturiol\/wp-json\/wp\/v2\/tags?post=10054"}],"curies":[{"name":"wp","href":"https:\/\/api.w.org\/{rel}","templated":true}]}}