{"id":10028,"date":"2021-06-30T16:50:26","date_gmt":"2021-06-30T14:50:26","guid":{"rendered":"https:\/\/insmonturiol.cat\/?p=10028"},"modified":"2021-06-30T16:50:26","modified_gmt":"2021-06-30T14:50:26","slug":"nou-sistema-de-rec-automatic-a-lhort","status":"publish","type":"post","link":"https:\/\/agora.xtec.cat\/iesnarcismonturiol\/general\/nou-sistema-de-rec-automatic-a-lhort\/","title":{"rendered":"Nou sistema de rec autom\u00e0tic a l\u2019hort"},"content":{"rendered":"\n<p>Acabem el curs amb una molt bona not\u00edcia: l\u2019hort ja disposa d\u2019un sistema de rec autom\u00e0tic! Gr\u00e0cies a la generosa i incansable dedicaci\u00f3 de Javi Verd\u00fa, professor d\u2019Educaci\u00f3 F\u00edsica i membre de l\u2019equip d\u2019Escoles Verdes del centre, aquest estiu les plantes de l\u2019hort i les enfiladisses que el voregen podran passar el rigor de l\u2019estiu amb bones condicions.<\/p>\n\n\n\n<p>Sens dubte, aquest curs acad\u00e8mic que acabem ha estat molt profit\u00f3s pel que a l\u2019equipament de l\u2019hort de l\u2019institut. Des que al juliol passat vam donar forma a les tres zones de l\u2019hort, s\u2019hi ha afegit la compostadora, l\u2019hotel d\u2019insectes (moltes gr\u00e0cies, Iolanda!), diverses menjadores per als ocells i ara, finalment, el sistema de rec autom\u00e0tic. A tot aix\u00f2, a m\u00e9s, hem d\u2019afegir la variada producci\u00f3 de verdures i hortalisses que ha produ\u00eft l\u2019hort al llarg del curs (kales, enciams, arom\u00e0tiques&#8230;) amb la feina dels alumnes de 1r cicle de l\u2019ESO sota la coordinaci\u00f3 de la Vega, la Noem\u00ed i el Javi.<\/p>\n\n\n\n<p>Moltes gr\u00e0cies a tots per tan magn\u00edfica feina!<\/p>\n\n\n\n<p>Salut i natura!<\/p>\n\n\n\n<figure class=\"wp-block-gallery columns-2 is-cropped wp-block-gallery-1 is-layout-flex wp-block-gallery-is-layout-flex\"><ul class=\"blocks-gallery-grid\"><li class=\"blocks-gallery-item\"><figure><img decoding=\"async\" src=\"https:\/\/insmonturiol.cat\/wp-content\/uploads\/2021\/07\/IMG_20210629_101304-768x1024.jpg\" alt=\"\" data-id=\"10029\" data-full-url=\"https:\/\/agora.xtec.cat\/iesnarcismonturiol\/wp-content\/uploads\/usu2521\/2021\/07\/IMG_20210629_101304-scaled-1.jpg\" data-link=\"https:\/\/insmonturiol.cat\/?attachment_id=10029\" class=\"wp-image-10029\"\/><\/figure><\/li><li class=\"blocks-gallery-item\"><figure><img decoding=\"async\" src=\"https:\/\/insmonturiol.cat\/wp-content\/uploads\/2021\/07\/IMG_20210629_101155-1024x768.jpg\" alt=\"\" data-id=\"10030\" data-full-url=\"https:\/\/agora.xtec.cat\/iesnarcismonturiol\/wp-content\/uploads\/usu2521\/2021\/07\/IMG_20210629_101155-scaled-1.jpg\" data-link=\"https:\/\/insmonturiol.cat\/?attachment_id=10030\" class=\"wp-image-10030\"\/><\/figure><\/li><\/ul><\/figure>\n","protected":false},"excerpt":{"rendered":"<p>Acabem el curs amb una molt bona not\u00edcia: l\u2019hort ja disposa d\u2019un sistema de rec autom\u00e0tic! Gr\u00e0cies a la generosa i incansable dedicaci\u00f3 de Javi Verd\u00fa, professor d\u2019Educaci\u00f3 F\u00edsica i membre de l\u2019equip d\u2019Escoles Verdes del centre, aquest estiu les plantes de l\u2019hort i les&hellip;  <a href=\"https:\/\/agora.xtec.cat\/iesnarcismonturiol\/general\/nou-sistema-de-rec-automatic-a-lhort\/\" title=\"Read Nou sistema de rec autom\u00e0tic a l\u2019hort\">Llegeix m\u00e9s\u00bb<\/a><\/p>\n","protected":false},"author":5,"featured_media":10031,"comment_status":"closed","ping_status":"closed","sticky":false,"template":"","format":"standard","meta":{"_bbp_topic_count":0,"_bbp_reply_count":0,"_bbp_total_topic_count":0,"_bbp_total_reply_count":0,"_bbp_voice_count":0,"_bbp_anonymous_reply_count":0,"_bbp_topic_count_hidden":0,"_bbp_reply_count_hidden":0,"_bbp_forum_subforum_count":0,"footnotes":""},"categories":[122,125,127,1],"tags":[233],"class_list":["post-10028","post","type-post","status-publish","format-standard","has-post-thumbnail","hentry","category-ciencies-naturals","category-destacada","category-escoles-sostenibles","category-general","tag-hort"],"post_mailing_queue_ids":[],"_links":{"self":[{"href":"https:\/\/agora.xtec.cat\/iesnarcismonturiol\/wp-json\/wp\/v2\/posts\/10028","targetHints":{"allow":["GET"]}}],"collection":[{"href":"https:\/\/agora.xtec.cat\/iesnarcismonturiol\/wp-json\/wp\/v2\/posts"}],"about":[{"href":"https:\/\/agora.xtec.cat\/iesnarcismonturiol\/wp-json\/wp\/v2\/types\/post"}],"author":[{"embeddable":true,"href":"https:\/\/agora.xtec.cat\/iesnarcismonturiol\/wp-json\/wp\/v2\/users\/5"}],"replies":[{"embeddable":true,"href":"https:\/\/agora.xtec.cat\/iesnarcismonturiol\/wp-json\/wp\/v2\/comments?post=10028"}],"version-history":[{"count":0,"href":"https:\/\/agora.xtec.cat\/iesnarcismonturiol\/wp-json\/wp\/v2\/posts\/10028\/revisions"}],"wp:featuredmedia":[{"embeddable":true,"href":"https:\/\/agora.xtec.cat\/iesnarcismonturiol\/wp-json\/wp\/v2\/media\/10031"}],"wp:attachment":[{"href":"https:\/\/agora.xtec.cat\/iesnarcismonturiol\/wp-json\/wp\/v2\/media?parent=10028"}],"wp:term":[{"taxonomy":"category","embeddable":true,"href":"https:\/\/agora.xtec.cat\/iesnarcismonturiol\/wp-json\/wp\/v2\/categories?post=10028"},{"taxonomy":"post_tag","embeddable":true,"href":"https:\/\/agora.xtec.cat\/iesnarcismonturiol\/wp-json\/wp\/v2\/tags?post=10028"}],"curies":[{"name":"wp","href":"https:\/\/api.w.org\/{rel}","templated":true}]}}