{"id":1,"date":"2010-10-30T22:36:35","date_gmt":"2010-10-30T20:36:35","guid":{"rendered":"http:\/\/insmonturiol.cat\/agenda-21-escoles-verdes"},"modified":"2010-10-30T22:36:35","modified_gmt":"2010-10-30T20:36:35","slug":"agenda-21-escoles-verdes-2","status":"publish","type":"post","link":"https:\/\/agora.xtec.cat\/iesnarcismonturiol\/general\/agenda-21-escoles-verdes-2\/","title":{"rendered":"Agenda 21 &#8211; Escoles verdes"},"content":{"rendered":"<p>El passat dimecres dia 6 d\u2019octubre, a les 12 del migdia, va tenir lloc l\u2019acte de signatura del Comprom\u00eds ciutad\u00e0 per la sostenibilitat i els projectes triennals 2010-2013, de l\u2019Agenda 21 escolar, al Sal\u00f3 de Cent de l\u2019Ajuntament de Barcelona.<\/p>\n<p>Mireia Peris i Gerard Mart\u00ednez, els dos alumnes del nostre centre que han estat a Bras\u00edlia a la Confer\u00e8ncia internacional pel medi ambient (CONFINT) el passat mes de juny, en representaci\u00f3 de tots els joves de Catalunya, van fer un relat de la seva experi\u00e8ncia.<\/p>\n<p>La Monturiol\u2019s Band tamb\u00e9 ha estat convidada a tocar en aquest mateix acte.<\/p>\n<table style=\"width: 100%;\" border=\"0\">\n<tbody>\n<tr>\n<td><img decoding=\"async\" src=\"http:\/\/insmonturiol.cat\/wp-content\/uploads\/2010\/11\/agenda21_3.jpg\" alt=\"\" width=\"275\" \/><\/td>\n<td><img decoding=\"async\" src=\"http:\/\/insmonturiol.cat\/wp-content\/uploads\/2010\/11\/agenda21_4.jpg\" alt=\"\" width=\"275\" \/><\/td>\n<\/tr>\n<\/tbody>\n<\/table>\n","protected":false},"excerpt":{"rendered":"<p>El passat dimecres dia 6 d\u2019octubre, a les 12 del migdia, va tenir lloc l\u2019acte de signatura del Comprom\u00eds ciutad\u00e0 per la sostenibilitat i els projectes triennals 2010-2013, de l\u2019Agenda 21 escolar, al Sal\u00f3 de Cent de l\u2019Ajuntament de Barcelona.<br \/>\nMireia Peris i Gerard Mart\u00ednez, els&hellip;  <a href=\"https:\/\/agora.xtec.cat\/iesnarcismonturiol\/general\/agenda-21-escoles-verdes-2\/\" title=\"Read Agenda 21 &#8211; Escoles verdes\">Llegeix m\u00e9s\u00bb<\/a><\/p>\n","protected":false},"author":5,"featured_media":4619,"comment_status":"closed","ping_status":"open","sticky":false,"template":"","format":"standard","meta":{"_bbp_topic_count":0,"_bbp_reply_count":0,"_bbp_total_topic_count":0,"_bbp_total_reply_count":0,"_bbp_voice_count":0,"_bbp_anonymous_reply_count":0,"_bbp_topic_count_hidden":0,"_bbp_reply_count_hidden":0,"_bbp_forum_subforum_count":0,"footnotes":""},"categories":[127,1],"tags":[147,210,304],"class_list":["post-1","post","type-post","status-publish","format-standard","has-post-thumbnail","hentry","category-escoles-sostenibles","category-general","tag-agenda-21","tag-escoles-verdes","tag-sostenibilitat"],"post_mailing_queue_ids":[],"_links":{"self":[{"href":"https:\/\/agora.xtec.cat\/iesnarcismonturiol\/wp-json\/wp\/v2\/posts\/1","targetHints":{"allow":["GET"]}}],"collection":[{"href":"https:\/\/agora.xtec.cat\/iesnarcismonturiol\/wp-json\/wp\/v2\/posts"}],"about":[{"href":"https:\/\/agora.xtec.cat\/iesnarcismonturiol\/wp-json\/wp\/v2\/types\/post"}],"author":[{"embeddable":true,"href":"https:\/\/agora.xtec.cat\/iesnarcismonturiol\/wp-json\/wp\/v2\/users\/5"}],"replies":[{"embeddable":true,"href":"https:\/\/agora.xtec.cat\/iesnarcismonturiol\/wp-json\/wp\/v2\/comments?post=1"}],"version-history":[{"count":0,"href":"https:\/\/agora.xtec.cat\/iesnarcismonturiol\/wp-json\/wp\/v2\/posts\/1\/revisions"}],"wp:featuredmedia":[{"embeddable":true,"href":"https:\/\/agora.xtec.cat\/iesnarcismonturiol\/wp-json\/wp\/v2\/media\/4619"}],"wp:attachment":[{"href":"https:\/\/agora.xtec.cat\/iesnarcismonturiol\/wp-json\/wp\/v2\/media?parent=1"}],"wp:term":[{"taxonomy":"category","embeddable":true,"href":"https:\/\/agora.xtec.cat\/iesnarcismonturiol\/wp-json\/wp\/v2\/categories?post=1"},{"taxonomy":"post_tag","embeddable":true,"href":"https:\/\/agora.xtec.cat\/iesnarcismonturiol\/wp-json\/wp\/v2\/tags?post=1"}],"curies":[{"name":"wp","href":"https:\/\/api.w.org\/{rel}","templated":true}]}}