{"id":4443,"date":"2026-09-03T12:45:21","date_gmt":"2026-09-03T10:45:21","guid":{"rendered":"https:\/\/agora.xtec.cat\/iesmvm\/?p=4443"},"modified":"2026-09-03T12:49:49","modified_gmt":"2026-09-03T10:49:49","slug":"cua-virtual-de-places-vacants-de-cicles-formatius","status":"publish","type":"post","link":"https:\/\/agora.xtec.cat\/iesmvm\/general\/cua-virtual-de-places-vacants-de-cicles-formatius\/","title":{"rendered":"Cua virtual de places vacants de cicles formatius"},"content":{"rendered":"<p>La cua virtual de l\u2019Institut Manuel V\u00e1zquez Montalb\u00e1n per gestionar les places vacants de cicles formatius del mes de setembre estar\u00e0 oberta:<\/p>\n<p><strong>Dilluns 7 de setembre de 2026, de les 9.00 a les 23.59 h<\/strong><\/p>\n<p style=\"text-align: center; margin: 28px 0;\"><a style=\"display: inline-block; padding: 16px 28px; background-color: #b71918; color: #ffffff; font-size: 20px; font-weight: bold; text-decoration: none; border-radius: 6px;\" href=\"https:\/\/aplicacions.gestioeducativa.gencat.cat\/ords\/pls\/apex\/f?p=20160079072543618:650:::NO:650:P650_CENTRE:950279C726C63CE222B1D182FC7AD90A048EC96EA15076E2\" target=\"_blank\" rel=\"noopener\"> ACCEDIU A LA CUA VIRTUAL <\/a><\/p>\n<p>Hi haur\u00e0 una cua per als cicles formatius de <strong>grau mitj\u00e0<\/strong> i una altra per als de <strong>grau superior<\/strong>.<\/p>\n<p>La inscripci\u00f3 es far\u00e0 a escala de centre i no per a un cicle concret. Per tant, en aquesta fase no caldr\u00e0 indicar quin cicle es vol cursar.<\/p>\n<h3>Ordre d\u2019atenci\u00f3<\/h3>\n<p>Les sol\u00b7licituds s\u2019ordenaran estrictament segons la data i l\u2019hora d\u2019inscripci\u00f3. El centre contactar\u00e0 directament amb les persones inscrites, respectant aquest ordre, per informar-les de les opcions disponibles.<\/p>\n<p><strong>Important: la posici\u00f3 a la cua determina \u00fanicament l\u2019ordre d\u2019atenci\u00f3 i no garanteix l\u2019obtenci\u00f3 d\u2019una pla\u00e7a.<\/strong><\/p>\n<p>L\u2019adjudicaci\u00f3 dependr\u00e0 de les vacants disponibles en cada cicle en el moment de l\u2019atenci\u00f3 i de les opcions escollides per les persones situades en les posicions anteriors.<\/p>\n","protected":false},"excerpt":{"rendered":"<p>La cua virtual de l\u2019Institut Manuel V\u00e1zquez Montalb\u00e1n per gestionar les places vacants de cicles formatius del mes de setembre estar\u00e0 oberta: Dilluns 7 de setembre de 2026, de les 9.00 a les 23.59 h ACCEDIU A LA CUA VIRTUAL Hi haur\u00e0 una cua per als cicles formatius de grau mitj\u00e0 i una altra per [&hellip;]<\/p>\n","protected":false},"author":1,"featured_media":4042,"comment_status":"open","ping_status":"open","sticky":true,"template":"","format":"standard","meta":{"_bbp_topic_count":0,"_bbp_reply_count":0,"_bbp_total_topic_count":0,"_bbp_total_reply_count":0,"_bbp_voice_count":0,"_bbp_anonymous_reply_count":0,"_bbp_topic_count_hidden":0,"_bbp_reply_count_hidden":0,"_bbp_forum_subforum_count":0,"site-sidebar-layout":"default","site-content-layout":"","ast-site-content-layout":"default","site-content-style":"default","site-sidebar-style":"default","ast-global-header-display":"","ast-banner-title-visibility":"","ast-main-header-display":"","ast-hfb-above-header-display":"","ast-hfb-below-header-display":"","ast-hfb-mobile-header-display":"","site-post-title":"","ast-breadcrumbs-content":"","ast-featured-img":"","footer-sml-layout":"","theme-transparent-header-meta":"default","adv-header-id-meta":"","stick-header-meta":"","header-above-stick-meta":"","header-main-stick-meta":"","header-below-stick-meta":"","astra-migrate-meta-layouts":"set","ast-page-background-enabled":"default","ast-page-background-meta":{"desktop":{"background-color":"var(--ast-global-color-4)","background-image":"","background-repeat":"repeat","background-position":"center center","background-size":"auto","background-attachment":"scroll","background-type":"","background-media":"","overlay-type":"","overlay-color":"","overlay-opacity":"","overlay-gradient":""},"tablet":{"background-color":"","background-image":"","background-repeat":"repeat","background-position":"center center","background-size":"auto","background-attachment":"scroll","background-type":"","background-media":"","overlay-type":"","overlay-color":"","overlay-opacity":"","overlay-gradient":""},"mobile":{"background-color":"","background-image":"","background-repeat":"repeat","background-position":"center center","background-size":"auto","background-attachment":"scroll","background-type":"","background-media":"","overlay-type":"","overlay-color":"","overlay-opacity":"","overlay-gradient":""}},"ast-content-background-meta":{"desktop":{"background-color":"var(--ast-global-color-5)","background-image":"","background-repeat":"repeat","background-position":"center center","background-size":"auto","background-attachment":"scroll","background-type":"","background-media":"","overlay-type":"","overlay-color":"","overlay-opacity":"","overlay-gradient":""},"tablet":{"background-color":"var(--ast-global-color-5)","background-image":"","background-repeat":"repeat","background-position":"center center","background-size":"auto","background-attachment":"scroll","background-type":"","background-media":"","overlay-type":"","overlay-color":"","overlay-opacity":"","overlay-gradient":""},"mobile":{"background-color":"var(--ast-global-color-5)","background-image":"","background-repeat":"repeat","background-position":"center center","background-size":"auto","background-attachment":"scroll","background-type":"","background-media":"","overlay-type":"","overlay-color":"","overlay-opacity":"","overlay-gradient":""}},"footnotes":""},"categories":[30,1,29,119],"tags":[],"class_list":["post-4443","post","type-post","status-publish","format-standard","has-post-thumbnail","hentry","category-cicles-formatius","category-general","category-portada","category-sistemes-microinformatics-i-xarxes"],"post_mailing_queue_ids":[],"_links":{"self":[{"href":"https:\/\/agora.xtec.cat\/iesmvm\/wp-json\/wp\/v2\/posts\/4443","targetHints":{"allow":["GET"]}}],"collection":[{"href":"https:\/\/agora.xtec.cat\/iesmvm\/wp-json\/wp\/v2\/posts"}],"about":[{"href":"https:\/\/agora.xtec.cat\/iesmvm\/wp-json\/wp\/v2\/types\/post"}],"author":[{"embeddable":true,"href":"https:\/\/agora.xtec.cat\/iesmvm\/wp-json\/wp\/v2\/users\/1"}],"replies":[{"embeddable":true,"href":"https:\/\/agora.xtec.cat\/iesmvm\/wp-json\/wp\/v2\/comments?post=4443"}],"version-history":[{"count":4,"href":"https:\/\/agora.xtec.cat\/iesmvm\/wp-json\/wp\/v2\/posts\/4443\/revisions"}],"predecessor-version":[{"id":4447,"href":"https:\/\/agora.xtec.cat\/iesmvm\/wp-json\/wp\/v2\/posts\/4443\/revisions\/4447"}],"wp:featuredmedia":[{"embeddable":true,"href":"https:\/\/agora.xtec.cat\/iesmvm\/wp-json\/wp\/v2\/media\/4042"}],"wp:attachment":[{"href":"https:\/\/agora.xtec.cat\/iesmvm\/wp-json\/wp\/v2\/media?parent=4443"}],"wp:term":[{"taxonomy":"category","embeddable":true,"href":"https:\/\/agora.xtec.cat\/iesmvm\/wp-json\/wp\/v2\/categories?post=4443"},{"taxonomy":"post_tag","embeddable":true,"href":"https:\/\/agora.xtec.cat\/iesmvm\/wp-json\/wp\/v2\/tags?post=4443"}],"curies":[{"name":"wp","href":"https:\/\/api.w.org\/{rel}","templated":true}]}}