{"id":2201,"date":"2019-12-14T17:24:15","date_gmt":"2019-12-14T16:24:15","guid":{"rendered":"http:\/\/agora.xtec.cat\/iesmvm\/?p=2201"},"modified":"2019-12-14T17:32:59","modified_gmt":"2019-12-14T16:32:59","slug":"la-siei-i-laula-dacollida-descobreixen-barcelona","status":"publish","type":"post","link":"https:\/\/agora.xtec.cat\/iesmvm\/eso\/la-siei-i-laula-dacollida-descobreixen-barcelona\/","title":{"rendered":"La SIEI i l&#8217;aula d&#8217;acollida descobreixen Barcelona"},"content":{"rendered":"<p>El 13 de desembre, l\u2019aula d\u2019acollida i la SIEI han fet una excursi\u00f3 a Barcelona per veure la Fira de Santa Ll\u00facia i rec\u00f3rrer diferents indrets de la ciutat. Pr\u00e8viament, l\u2019alumnat havia abordat a classe diferents aspectes de la sortida. Aix\u00ed, els estudiants de l\u2019aula d\u2019acollida havien treballat la tradici\u00f3 nadalenca catalana -la fira, el ti\u00f3, els tres Reis Mags i el pessebre, amb la curiosa figura del caganer- i els nois i noies de la SIEI, la fascinant hist\u00f2ria de Santa Eul\u00e0lia, l\u2019antiga patrona de la capital; un relat que t\u00e9 com a escenari el barri G\u00f2tic. Durant l\u2019activitat, l\u2019alumnat, a tall de guia tur\u00edstic, ha explicat a la resta els coneixements apresos sobre els diveros llocs de la visita.<\/p>\n<p>Ha estat una excursi\u00f3 molt divertida en qu\u00e8 els estudiants, a m\u00e9s de treballar l\u2019expressi\u00f3 oral, han descobert racons de Barcelona i, sobretot, han interectuat entre ells i han fet nous amics.<\/p>\n<p><a href=\"https:\/\/agora.xtec.cat\/iesmvm\/wp-content\/uploads\/usu1837\/2019\/12\/WhatsApp-Image-2019-12-13-at-20.30.35.jpeg\"><img loading=\"lazy\" decoding=\"async\" class=\"alignnone size-large wp-image-2202\" src=\"https:\/\/agora.xtec.cat\/iesmvm\/wp-content\/uploads\/usu1837\/2019\/12\/WhatsApp-Image-2019-12-13-at-20.30.35-1024x575.jpeg\" alt=\"\" width=\"1024\" height=\"575\" srcset=\"https:\/\/agora.xtec.cat\/iesmvm\/wp-content\/uploads\/usu1837\/2019\/12\/WhatsApp-Image-2019-12-13-at-20.30.35-1024x575.jpeg 1024w, https:\/\/agora.xtec.cat\/iesmvm\/wp-content\/uploads\/usu1837\/2019\/12\/WhatsApp-Image-2019-12-13-at-20.30.35-300x168.jpeg 300w, https:\/\/agora.xtec.cat\/iesmvm\/wp-content\/uploads\/usu1837\/2019\/12\/WhatsApp-Image-2019-12-13-at-20.30.35-768x431.jpeg 768w, https:\/\/agora.xtec.cat\/iesmvm\/wp-content\/uploads\/usu1837\/2019\/12\/WhatsApp-Image-2019-12-13-at-20.30.35.jpeg 2048w\" sizes=\"auto, (max-width: 1024px) 100vw, 1024px\" \/><\/a><\/p>\n<p><a href=\"https:\/\/agora.xtec.cat\/iesmvm\/wp-content\/uploads\/usu1837\/2019\/12\/WhatsApp-Image-2019-12-13-at-20.31.15.jpeg\"><img loading=\"lazy\" decoding=\"async\" class=\"alignnone size-large wp-image-2203\" src=\"https:\/\/agora.xtec.cat\/iesmvm\/wp-content\/uploads\/usu1837\/2019\/12\/WhatsApp-Image-2019-12-13-at-20.31.15-1024x575.jpeg\" alt=\"\" width=\"1024\" height=\"575\" srcset=\"https:\/\/agora.xtec.cat\/iesmvm\/wp-content\/uploads\/usu1837\/2019\/12\/WhatsApp-Image-2019-12-13-at-20.31.15-1024x575.jpeg 1024w, https:\/\/agora.xtec.cat\/iesmvm\/wp-content\/uploads\/usu1837\/2019\/12\/WhatsApp-Image-2019-12-13-at-20.31.15-300x168.jpeg 300w, https:\/\/agora.xtec.cat\/iesmvm\/wp-content\/uploads\/usu1837\/2019\/12\/WhatsApp-Image-2019-12-13-at-20.31.15-768x431.jpeg 768w, https:\/\/agora.xtec.cat\/iesmvm\/wp-content\/uploads\/usu1837\/2019\/12\/WhatsApp-Image-2019-12-13-at-20.31.15.jpeg 2048w\" sizes=\"auto, (max-width: 1024px) 100vw, 1024px\" \/><\/a><\/p>\n","protected":false},"excerpt":{"rendered":"<p>El 13 de desembre, l\u2019aula d\u2019acollida i la SIEI han fet una excursi\u00f3 a Barcelona per veure la Fira de Santa Ll\u00facia i rec\u00f3rrer diferents indrets de la ciutat. Pr\u00e8viament, l\u2019alumnat havia abordat a classe diferents aspectes de la sortida. Aix\u00ed, els estudiants de l\u2019aula d\u2019acollida havien treballat la tradici\u00f3 nadalenca catalana -la fira, el [&hellip;]<\/p>\n","protected":false},"author":15,"featured_media":2202,"comment_status":"closed","ping_status":"closed","sticky":false,"template":"","format":"standard","meta":{"_bbp_topic_count":0,"_bbp_reply_count":0,"_bbp_total_topic_count":0,"_bbp_total_reply_count":0,"_bbp_voice_count":0,"_bbp_anonymous_reply_count":0,"_bbp_topic_count_hidden":0,"_bbp_reply_count_hidden":0,"_bbp_forum_subforum_count":0,"site-sidebar-layout":"default","site-content-layout":"","ast-site-content-layout":"","site-content-style":"default","site-sidebar-style":"default","ast-global-header-display":"","ast-banner-title-visibility":"","ast-main-header-display":"","ast-hfb-above-header-display":"","ast-hfb-below-header-display":"","ast-hfb-mobile-header-display":"","site-post-title":"","ast-breadcrumbs-content":"","ast-featured-img":"","footer-sml-layout":"","theme-transparent-header-meta":"","adv-header-id-meta":"","stick-header-meta":"","header-above-stick-meta":"","header-main-stick-meta":"","header-below-stick-meta":"","astra-migrate-meta-layouts":"default","ast-page-background-enabled":"default","ast-page-background-meta":{"desktop":{"background-color":"var(--ast-global-color-4)","background-image":"","background-repeat":"repeat","background-position":"center center","background-size":"auto","background-attachment":"scroll","background-type":"","background-media":"","overlay-type":"","overlay-color":"","overlay-opacity":"","overlay-gradient":""},"tablet":{"background-color":"","background-image":"","background-repeat":"repeat","background-position":"center center","background-size":"auto","background-attachment":"scroll","background-type":"","background-media":"","overlay-type":"","overlay-color":"","overlay-opacity":"","overlay-gradient":""},"mobile":{"background-color":"","background-image":"","background-repeat":"repeat","background-position":"center center","background-size":"auto","background-attachment":"scroll","background-type":"","background-media":"","overlay-type":"","overlay-color":"","overlay-opacity":"","overlay-gradient":""}},"ast-content-background-meta":{"desktop":{"background-color":"var(--ast-global-color-5)","background-image":"","background-repeat":"repeat","background-position":"center center","background-size":"auto","background-attachment":"scroll","background-type":"","background-media":"","overlay-type":"","overlay-color":"","overlay-opacity":"","overlay-gradient":""},"tablet":{"background-color":"var(--ast-global-color-5)","background-image":"","background-repeat":"repeat","background-position":"center center","background-size":"auto","background-attachment":"scroll","background-type":"","background-media":"","overlay-type":"","overlay-color":"","overlay-opacity":"","overlay-gradient":""},"mobile":{"background-color":"var(--ast-global-color-5)","background-image":"","background-repeat":"repeat","background-position":"center center","background-size":"auto","background-attachment":"scroll","background-type":"","background-media":"","overlay-type":"","overlay-color":"","overlay-opacity":"","overlay-gradient":""}},"footnotes":""},"categories":[148,3,29,149],"tags":[469,459,471,468,470,156,358],"class_list":["post-2201","post","type-post","status-publish","format-standard","has-post-thumbnail","hentry","category-aula-acollida","category-eso","category-portada","category-suport-intensiu-per-escolaritzacio-inclusiva","tag-aula-dacollida","tag-barcelona","tag-barri-gotic","tag-expressio-oral","tag-nadal","tag-siei","tag-sortida"],"post_mailing_queue_ids":[],"_links":{"self":[{"href":"https:\/\/agora.xtec.cat\/iesmvm\/wp-json\/wp\/v2\/posts\/2201","targetHints":{"allow":["GET"]}}],"collection":[{"href":"https:\/\/agora.xtec.cat\/iesmvm\/wp-json\/wp\/v2\/posts"}],"about":[{"href":"https:\/\/agora.xtec.cat\/iesmvm\/wp-json\/wp\/v2\/types\/post"}],"author":[{"embeddable":true,"href":"https:\/\/agora.xtec.cat\/iesmvm\/wp-json\/wp\/v2\/users\/15"}],"replies":[{"embeddable":true,"href":"https:\/\/agora.xtec.cat\/iesmvm\/wp-json\/wp\/v2\/comments?post=2201"}],"version-history":[{"count":3,"href":"https:\/\/agora.xtec.cat\/iesmvm\/wp-json\/wp\/v2\/posts\/2201\/revisions"}],"predecessor-version":[{"id":2206,"href":"https:\/\/agora.xtec.cat\/iesmvm\/wp-json\/wp\/v2\/posts\/2201\/revisions\/2206"}],"wp:featuredmedia":[{"embeddable":true,"href":"https:\/\/agora.xtec.cat\/iesmvm\/wp-json\/wp\/v2\/media\/2202"}],"wp:attachment":[{"href":"https:\/\/agora.xtec.cat\/iesmvm\/wp-json\/wp\/v2\/media?parent=2201"}],"wp:term":[{"taxonomy":"category","embeddable":true,"href":"https:\/\/agora.xtec.cat\/iesmvm\/wp-json\/wp\/v2\/categories?post=2201"},{"taxonomy":"post_tag","embeddable":true,"href":"https:\/\/agora.xtec.cat\/iesmvm\/wp-json\/wp\/v2\/tags?post=2201"}],"curies":[{"name":"wp","href":"https:\/\/api.w.org\/{rel}","templated":true}]}}