{"id":1626,"date":"2018-12-11T11:05:11","date_gmt":"2018-12-11T10:05:11","guid":{"rendered":"http:\/\/agora.xtec.cat\/iesmvm\/?p=1626"},"modified":"2018-12-11T11:06:16","modified_gmt":"2018-12-11T10:06:16","slug":"ronda-de-entrevistas-erasmus-vet-en-el-ins-vazquez-montalban-quien-se-ira-de-erasmus","status":"publish","type":"post","link":"https:\/\/agora.xtec.cat\/iesmvm\/portada\/ronda-de-entrevistas-erasmus-vet-en-el-ins-vazquez-montalban-quien-se-ira-de-erasmus\/","title":{"rendered":"Ronda de entrevistas Erasmus+ VET en el INS V\u00e1zquez Montalb\u00e1n \u00bfQui\u00e9n se ir\u00e1 de Erasmus?"},"content":{"rendered":"<p>Los alumnos y alumnas del INS V\u00e1zquez Montalb\u00e1n\u00a0que hab\u00edan presentado previamente su solicitud para participar en el programa Erasmus+ VET para realizar sus pr\u00e1cticas profesionales en el extranjero han acudido\u00a0a la ronda de entrevistas en el centro para decidir qui\u00e9n ir\u00e1 finalmente a vivir una experiencia de pr\u00e1cticas profesionales en el extranjero.<\/p>\n<p>El 19 de noviembre de 2018, desde las 15h de la tarde, cinco alumnos del\u00a0CFGM de Sistemas Microinform\u00e1ticos y Redes han probado suerte frente a los tribunales formados por docentes del centro y personal de la Asociaci\u00f3n Mundus, que ayuda el centro en la gesti\u00f3n de estas becas. En el mes de octubre, adem\u00e1s, dos estudiantes han participado en la experiencia y han vuelto con una experiencia muy positiva en sus mochilas.<\/p>\n<p>Las becas Erasmus+ VET son parte del programa Erasmus+, financiado por la Comisi\u00f3n Europea, y facilitan la movilidad de estudiantes de formaci\u00f3n profesional (en el entorno europeo, denominada \u201cVET\u201d). Las becas consisten en una estancia de pr\u00e1cticas profesionales en una empresa extranjera de la rama en la que estudien, que dura un mes para estudiantes de grado medio y un m\u00ednimo de dos para el grado superior.<\/p>\n<p>En las pr\u00f3ximas semanas, los\/as estudiantes entrevistados\/as sabr\u00e1n si han sido seleccionados\/as para vivir su aventura de pr\u00e1cticas internacional. \u00a1Que teng\u00e1is mucha suerte!<\/p>\n<p>&nbsp;<\/p>\n<p><a href=\"https:\/\/agora.xtec.cat\/iesmvm\/wp-content\/uploads\/usu1837\/2018\/12\/vmontalban_2107.png\" target=\"_blank\" rel=\"noopener\"><img loading=\"lazy\" decoding=\"async\" class=\"alignnone wp-image-1627 size-full\" src=\"https:\/\/agora.xtec.cat\/iesmvm\/wp-content\/uploads\/usu1837\/2018\/12\/vmontalban_2107.png\" alt=\"\" width=\"898\" height=\"549\" srcset=\"https:\/\/agora.xtec.cat\/iesmvm\/wp-content\/uploads\/usu1837\/2018\/12\/vmontalban_2107.png 898w, https:\/\/agora.xtec.cat\/iesmvm\/wp-content\/uploads\/usu1837\/2018\/12\/vmontalban_2107-300x183.png 300w, https:\/\/agora.xtec.cat\/iesmvm\/wp-content\/uploads\/usu1837\/2018\/12\/vmontalban_2107-768x470.png 768w\" sizes=\"auto, (max-width: 898px) 100vw, 898px\" \/><\/a><\/p>\n","protected":false},"excerpt":{"rendered":"<p>Los alumnos y alumnas del INS V\u00e1zquez Montalb\u00e1n\u00a0que hab\u00edan presentado previamente su solicitud para participar en el programa Erasmus+ VET para realizar sus pr\u00e1cticas profesionales en el extranjero han acudido\u00a0a la ronda de entrevistas en el centro para decidir qui\u00e9n ir\u00e1 finalmente a vivir una experiencia de pr\u00e1cticas profesionales en el extranjero. El 19 de [&hellip;]<\/p>\n","protected":false},"author":26,"featured_media":1627,"comment_status":"closed","ping_status":"closed","sticky":false,"template":"","format":"standard","meta":{"_bbp_topic_count":0,"_bbp_reply_count":0,"_bbp_total_topic_count":0,"_bbp_total_reply_count":0,"_bbp_voice_count":0,"_bbp_anonymous_reply_count":0,"_bbp_topic_count_hidden":0,"_bbp_reply_count_hidden":0,"_bbp_forum_subforum_count":0,"site-sidebar-layout":"default","site-content-layout":"","ast-site-content-layout":"","site-content-style":"default","site-sidebar-style":"default","ast-global-header-display":"","ast-banner-title-visibility":"","ast-main-header-display":"","ast-hfb-above-header-display":"","ast-hfb-below-header-display":"","ast-hfb-mobile-header-display":"","site-post-title":"","ast-breadcrumbs-content":"","ast-featured-img":"","footer-sml-layout":"","theme-transparent-header-meta":"","adv-header-id-meta":"","stick-header-meta":"","header-above-stick-meta":"","header-main-stick-meta":"","header-below-stick-meta":"","astra-migrate-meta-layouts":"default","ast-page-background-enabled":"default","ast-page-background-meta":{"desktop":{"background-color":"var(--ast-global-color-4)","background-image":"","background-repeat":"repeat","background-position":"center center","background-size":"auto","background-attachment":"scroll","background-type":"","background-media":"","overlay-type":"","overlay-color":"","overlay-opacity":"","overlay-gradient":""},"tablet":{"background-color":"","background-image":"","background-repeat":"repeat","background-position":"center center","background-size":"auto","background-attachment":"scroll","background-type":"","background-media":"","overlay-type":"","overlay-color":"","overlay-opacity":"","overlay-gradient":""},"mobile":{"background-color":"","background-image":"","background-repeat":"repeat","background-position":"center center","background-size":"auto","background-attachment":"scroll","background-type":"","background-media":"","overlay-type":"","overlay-color":"","overlay-opacity":"","overlay-gradient":""}},"ast-content-background-meta":{"desktop":{"background-color":"var(--ast-global-color-5)","background-image":"","background-repeat":"repeat","background-position":"center center","background-size":"auto","background-attachment":"scroll","background-type":"","background-media":"","overlay-type":"","overlay-color":"","overlay-opacity":"","overlay-gradient":""},"tablet":{"background-color":"var(--ast-global-color-5)","background-image":"","background-repeat":"repeat","background-position":"center center","background-size":"auto","background-attachment":"scroll","background-type":"","background-media":"","overlay-type":"","overlay-color":"","overlay-opacity":"","overlay-gradient":""},"mobile":{"background-color":"var(--ast-global-color-5)","background-image":"","background-repeat":"repeat","background-position":"center center","background-size":"auto","background-attachment":"scroll","background-type":"","background-media":"","overlay-type":"","overlay-color":"","overlay-opacity":"","overlay-gradient":""}},"footnotes":""},"categories":[30,123,29,119],"tags":[],"class_list":["post-1626","post","type-post","status-publish","format-standard","has-post-thumbnail","hentry","category-cicles-formatius","category-erasmus-projecte-educatiu","category-portada","category-sistemes-microinformatics-i-xarxes"],"post_mailing_queue_ids":[],"_links":{"self":[{"href":"https:\/\/agora.xtec.cat\/iesmvm\/wp-json\/wp\/v2\/posts\/1626","targetHints":{"allow":["GET"]}}],"collection":[{"href":"https:\/\/agora.xtec.cat\/iesmvm\/wp-json\/wp\/v2\/posts"}],"about":[{"href":"https:\/\/agora.xtec.cat\/iesmvm\/wp-json\/wp\/v2\/types\/post"}],"author":[{"embeddable":true,"href":"https:\/\/agora.xtec.cat\/iesmvm\/wp-json\/wp\/v2\/users\/26"}],"replies":[{"embeddable":true,"href":"https:\/\/agora.xtec.cat\/iesmvm\/wp-json\/wp\/v2\/comments?post=1626"}],"version-history":[{"count":2,"href":"https:\/\/agora.xtec.cat\/iesmvm\/wp-json\/wp\/v2\/posts\/1626\/revisions"}],"predecessor-version":[{"id":1629,"href":"https:\/\/agora.xtec.cat\/iesmvm\/wp-json\/wp\/v2\/posts\/1626\/revisions\/1629"}],"wp:featuredmedia":[{"embeddable":true,"href":"https:\/\/agora.xtec.cat\/iesmvm\/wp-json\/wp\/v2\/media\/1627"}],"wp:attachment":[{"href":"https:\/\/agora.xtec.cat\/iesmvm\/wp-json\/wp\/v2\/media?parent=1626"}],"wp:term":[{"taxonomy":"category","embeddable":true,"href":"https:\/\/agora.xtec.cat\/iesmvm\/wp-json\/wp\/v2\/categories?post=1626"},{"taxonomy":"post_tag","embeddable":true,"href":"https:\/\/agora.xtec.cat\/iesmvm\/wp-json\/wp\/v2\/tags?post=1626"}],"curies":[{"name":"wp","href":"https:\/\/api.w.org\/{rel}","templated":true}]}}