{"id":3714,"date":"2020-12-28T08:51:58","date_gmt":"2020-12-28T07:51:58","guid":{"rendered":"http:\/\/agora.xtec.cat\/iesmonturiol\/?p=3714"},"modified":"2020-12-28T09:00:23","modified_gmt":"2020-12-28T08:00:23","slug":"els-pastorets-del-monturiol-declarats-patrimoni-immaterial-de-catalunya","status":"publish","type":"post","link":"https:\/\/agora.xtec.cat\/iesmonturiol\/general\/els-pastorets-del-monturiol-declarats-patrimoni-immaterial-de-catalunya\/","title":{"rendered":"Els Pastorets del Monturiol declarats &#8220;Patrimoni immaterial de Catalunya&#8221;"},"content":{"rendered":"<p>&nbsp;<\/p>\n<p style=\"text-align: justify;\"><a href=\"https:\/\/agora.xtec.cat\/iesmonturiol\/wp-content\/uploads\/usu1826\/2020\/12\/20-12-2019-FIGUERES-Els-Pastorets-del-Monturiol-DSC_5751.jpg\"><img loading=\"lazy\" decoding=\"async\" class=\"wp-image-3715 aligncenter\" src=\"https:\/\/agora.xtec.cat\/iesmonturiol\/wp-content\/uploads\/usu1826\/2020\/12\/20-12-2019-FIGUERES-Els-Pastorets-del-Monturiol-DSC_5751-300x200.jpg\" alt=\"\" width=\"755\" height=\"503\" srcset=\"https:\/\/agora.xtec.cat\/iesmonturiol\/wp-content\/uploads\/usu1826\/2020\/12\/20-12-2019-FIGUERES-Els-Pastorets-del-Monturiol-DSC_5751-300x200.jpg 300w, https:\/\/agora.xtec.cat\/iesmonturiol\/wp-content\/uploads\/usu1826\/2020\/12\/20-12-2019-FIGUERES-Els-Pastorets-del-Monturiol-DSC_5751.jpg 640w\" sizes=\"auto, (max-width: 755px) 100vw, 755px\" \/><\/a><br \/>\nLa Direcci\u00f3 General del Patrimoni Cultural del Departament de Cultura de la Generalitat de Catalunya ha decidit d\u2019atorgar la qualificaci\u00f3 de &#8220;B\u00e9 d\u2019inter\u00e8s cultural immaterial&#8221; als Pastorets del Monturiol, en base a l\u2019aportaci\u00f3 social i de cohesi\u00f3 que signifiquen per la comarca de l\u2019Alt Empord\u00e0 i per extensi\u00f3 a la contribuci\u00f3 en la difusi\u00f3 de la cultura popular catalana.<br \/>\nAmb aquesta distinci\u00f3, els Pastorets del Monturiol s\u2019afegiran al Patrimoni Cultural del nostre pa\u00eds tal com ja han fet el Teatre Museu Dal\u00ed-Triangle Dalini\u00e0, les Ru\u00efnes d\u2019Emp\u00faries, la Ciutat Ib\u00e8rica d\u2019Ullastret o el Monestir de Sant Pere de Rodes, entre d\u2019altres, veritables icones de l\u2019aportament empordan\u00e8s a la riquesa cultural i patrimonial de Catalunya.<\/p>\n<p style=\"text-align: justify;\">L\u2019acte de lliurament d\u2019aital distinci\u00f3 tindr\u00e0 lloc en el marc dels actes que el Departament de Cultura de la Generalitat preveu per a la Diada de Sant Jordi del 2021. La Generalitat sol\u00b7licitar\u00e0 a la Unesco que en la propera sessi\u00f3\u00a0 de la Comissi\u00f3 de Patrimoni pugui concedir als Pastorets del Monturiol la qualificaci\u00f3 de Patrimoni Cultural Immaterial de la humanitat i es pugui sumar a la Patum de Berga, els castells o el Cant de la Sibil\u00b7la com a mostres culturals ic\u00f2niques del\u00a0 nostre pa\u00eds.<\/p>\n<p><a href=\"https:\/\/agora.xtec.cat\/iesmonturiol\/wp-content\/uploads\/usu1826\/2020\/12\/1200px-World_Heritage_Logo_global.svg_.png\"><img loading=\"lazy\" decoding=\"async\" class=\"wp-image-3716 aligncenter\" src=\"https:\/\/agora.xtec.cat\/iesmonturiol\/wp-content\/uploads\/usu1826\/2020\/12\/1200px-World_Heritage_Logo_global.svg_-300x300.png\" alt=\"\" width=\"332\" height=\"332\" srcset=\"https:\/\/agora.xtec.cat\/iesmonturiol\/wp-content\/uploads\/usu1826\/2020\/12\/1200px-World_Heritage_Logo_global.svg_-300x300.png 300w, https:\/\/agora.xtec.cat\/iesmonturiol\/wp-content\/uploads\/usu1826\/2020\/12\/1200px-World_Heritage_Logo_global.svg_-150x150.png 150w, https:\/\/agora.xtec.cat\/iesmonturiol\/wp-content\/uploads\/usu1826\/2020\/12\/1200px-World_Heritage_Logo_global.svg_-768x768.png 768w, https:\/\/agora.xtec.cat\/iesmonturiol\/wp-content\/uploads\/usu1826\/2020\/12\/1200px-World_Heritage_Logo_global.svg_-1024x1024.png 1024w, https:\/\/agora.xtec.cat\/iesmonturiol\/wp-content\/uploads\/usu1826\/2020\/12\/1200px-World_Heritage_Logo_global.svg_.png 1200w\" sizes=\"auto, (max-width: 332px) 100vw, 332px\" \/><\/a><\/p>\n","protected":false},"excerpt":{"rendered":"<p>&nbsp;<br \/>\n<a href=\"https:\/\/agora.xtec.cat\/iesmonturiol\/wp-content\/uploads\/usu1826\/2020\/12\/20-12-2019-FIGUERES-Els-Pastorets-del-Monturiol-DSC_5751.jpg\"><\/a><br \/>\nLa Direcci\u00f3 General del Patrimoni Cultural del Departament de Cultura de la Generalitat de Catalunya ha decidit d\u2019atorgar la qualificaci\u00f3 de &#8220;B\u00e9 d\u2019inter\u00e8s cultural immaterial&#8221; als Pastorets del Monturiol, en base a l\u2019aportaci\u00f3 social i de cohesi\u00f3 que signifiquen per la comarca de l\u2019Alt&hellip;  <a href=\"https:\/\/agora.xtec.cat\/iesmonturiol\/general\/els-pastorets-del-monturiol-declarats-patrimoni-immaterial-de-catalunya\/\" title=\"Read Els Pastorets del Monturiol declarats &#8220;Patrimoni immaterial de Catalunya&#8221;\">Llegeix m\u00e9s\u00bb<\/a><\/p>\n","protected":false},"author":1,"featured_media":3715,"comment_status":"closed","ping_status":"closed","sticky":false,"template":"","format":"standard","meta":{"_bbp_topic_count":0,"_bbp_reply_count":0,"_bbp_total_topic_count":0,"_bbp_total_reply_count":0,"_bbp_voice_count":0,"_bbp_anonymous_reply_count":0,"_bbp_topic_count_hidden":0,"_bbp_reply_count_hidden":0,"_bbp_forum_subforum_count":0,"footnotes":""},"categories":[1,147,29],"tags":[],"class_list":["post-3714","post","type-post","status-publish","format-standard","has-post-thumbnail","hentry","category-general","category-pastorets","category-portada"],"post_mailing_queue_ids":[],"_links":{"self":[{"href":"https:\/\/agora.xtec.cat\/iesmonturiol\/wp-json\/wp\/v2\/posts\/3714","targetHints":{"allow":["GET"]}}],"collection":[{"href":"https:\/\/agora.xtec.cat\/iesmonturiol\/wp-json\/wp\/v2\/posts"}],"about":[{"href":"https:\/\/agora.xtec.cat\/iesmonturiol\/wp-json\/wp\/v2\/types\/post"}],"author":[{"embeddable":true,"href":"https:\/\/agora.xtec.cat\/iesmonturiol\/wp-json\/wp\/v2\/users\/1"}],"replies":[{"embeddable":true,"href":"https:\/\/agora.xtec.cat\/iesmonturiol\/wp-json\/wp\/v2\/comments?post=3714"}],"version-history":[{"count":2,"href":"https:\/\/agora.xtec.cat\/iesmonturiol\/wp-json\/wp\/v2\/posts\/3714\/revisions"}],"predecessor-version":[{"id":3718,"href":"https:\/\/agora.xtec.cat\/iesmonturiol\/wp-json\/wp\/v2\/posts\/3714\/revisions\/3718"}],"wp:featuredmedia":[{"embeddable":true,"href":"https:\/\/agora.xtec.cat\/iesmonturiol\/wp-json\/wp\/v2\/media\/3715"}],"wp:attachment":[{"href":"https:\/\/agora.xtec.cat\/iesmonturiol\/wp-json\/wp\/v2\/media?parent=3714"}],"wp:term":[{"taxonomy":"category","embeddable":true,"href":"https:\/\/agora.xtec.cat\/iesmonturiol\/wp-json\/wp\/v2\/categories?post=3714"},{"taxonomy":"post_tag","embeddable":true,"href":"https:\/\/agora.xtec.cat\/iesmonturiol\/wp-json\/wp\/v2\/tags?post=3714"}],"curies":[{"name":"wp","href":"https:\/\/api.w.org\/{rel}","templated":true}]}}