{"id":3491,"date":"2026-09-01T18:07:45","date_gmt":"2026-09-01T16:07:45","guid":{"rendered":"https:\/\/agora.xtec.cat\/iesmontserratroig\/?p=3491"},"modified":"2026-09-01T18:09:52","modified_gmt":"2026-09-01T16:09:52","slug":"sollicitud-de-beques-a-lexcellencia-per-a-estudiants-de-secundaria","status":"publish","type":"post","link":"https:\/\/agora.xtec.cat\/iesmontserratroig\/general\/sollicitud-de-beques-a-lexcellencia-per-a-estudiants-de-secundaria\/","title":{"rendered":"Sol\u00b7licitud de beques a l&#8217;excel\u00b7l\u00e8ncia per a estudiants de secund\u00e0ria"},"content":{"rendered":"<p class=\"isSelectedEnd\"><strong>Has destacat pels teus resultats acad\u00e8mics? Aquesta informaci\u00f3 t\u2019interessa!<\/strong><\/p>\n<p class=\"isSelectedEnd\">Si creus que pots complir els requisits, pots optar a una <strong>Beca d\u2019Excel\u00b7l\u00e8ncia<\/strong> que convoca l&#8217;ajuntament de Terrassa.<\/p>\n<p class=\"isSelectedEnd\">Una oportunitat per recon\u00e8ixer el teu esfor\u00e7, la teva dedicaci\u00f3 i els teus bons resultats!<\/p>\n<p class=\"isSelectedEnd\">Consulta tota la informaci\u00f3 sobre els requisits, les condicions i el termini de sol\u00b7licitud <strong>(del 2 al 20 setembre)<\/strong> en el seg\u00fcent enlla\u00e7:<\/p>\n<p class=\"isSelectedEnd\">\ud83d\udc49 <a href=\"https:\/\/aoberta.terrassa.cat\/tramits\/fitxa.jsp?id=1561\"><strong><span class=\"text-token-text-primary cursor-text rounded-sm\" data-placeholder-token=\"true\">[ENLLA\u00c7 A LA INFORMACI\u00d3]<\/span><\/strong><\/a><\/p>\n<p>No deixis passar l\u2019oportunitat!<\/p>\n","protected":false},"excerpt":{"rendered":"<p>Has destacat pels teus resultats acad\u00e8mics? Aquesta informaci\u00f3 t\u2019interessa!<br \/>\nSi creus que pots complir els requisits, pots optar a una Beca d\u2019Excel\u00b7l\u00e8ncia que convoca l&#8217;ajuntament de Terrassa.<br \/>\nUna oportunitat per recon\u00e8ixer el teu esfor\u00e7, la teva dedicaci\u00f3 i els teus bons resultats!<br \/>\nConsulta tota la informaci\u00f3 sobre els&hellip;  <a href=\"https:\/\/agora.xtec.cat\/iesmontserratroig\/general\/sollicitud-de-beques-a-lexcellencia-per-a-estudiants-de-secundaria\/\" title=\"Read Sol\u00b7licitud de beques a l&#8217;excel\u00b7l\u00e8ncia per a estudiants de secund\u00e0ria\">Llegeix m\u00e9s\u00bb<\/a><\/p>\n","protected":false},"author":1,"featured_media":0,"comment_status":"open","ping_status":"open","sticky":false,"template":"","format":"standard","meta":{"_bbp_topic_count":0,"_bbp_reply_count":0,"_bbp_total_topic_count":0,"_bbp_total_reply_count":0,"_bbp_voice_count":0,"_bbp_anonymous_reply_count":0,"_bbp_topic_count_hidden":0,"_bbp_reply_count_hidden":0,"_bbp_forum_subforum_count":0,"footnotes":""},"categories":[121,1,29],"tags":[],"class_list":["post-3491","post","type-post","status-publish","format-standard","hentry","category-families","category-general","category-portada"],"post_mailing_queue_ids":[],"_links":{"self":[{"href":"https:\/\/agora.xtec.cat\/iesmontserratroig\/wp-json\/wp\/v2\/posts\/3491","targetHints":{"allow":["GET"]}}],"collection":[{"href":"https:\/\/agora.xtec.cat\/iesmontserratroig\/wp-json\/wp\/v2\/posts"}],"about":[{"href":"https:\/\/agora.xtec.cat\/iesmontserratroig\/wp-json\/wp\/v2\/types\/post"}],"author":[{"embeddable":true,"href":"https:\/\/agora.xtec.cat\/iesmontserratroig\/wp-json\/wp\/v2\/users\/1"}],"replies":[{"embeddable":true,"href":"https:\/\/agora.xtec.cat\/iesmontserratroig\/wp-json\/wp\/v2\/comments?post=3491"}],"version-history":[{"count":3,"href":"https:\/\/agora.xtec.cat\/iesmontserratroig\/wp-json\/wp\/v2\/posts\/3491\/revisions"}],"predecessor-version":[{"id":3494,"href":"https:\/\/agora.xtec.cat\/iesmontserratroig\/wp-json\/wp\/v2\/posts\/3491\/revisions\/3494"}],"wp:attachment":[{"href":"https:\/\/agora.xtec.cat\/iesmontserratroig\/wp-json\/wp\/v2\/media?parent=3491"}],"wp:term":[{"taxonomy":"category","embeddable":true,"href":"https:\/\/agora.xtec.cat\/iesmontserratroig\/wp-json\/wp\/v2\/categories?post=3491"},{"taxonomy":"post_tag","embeddable":true,"href":"https:\/\/agora.xtec.cat\/iesmontserratroig\/wp-json\/wp\/v2\/tags?post=3491"}],"curies":[{"name":"wp","href":"https:\/\/api.w.org\/{rel}","templated":true}]}}