{"id":7415,"date":"2020-11-18T10:21:06","date_gmt":"2020-11-18T09:21:06","guid":{"rendered":"http:\/\/agora.xtec.cat\/iesmontsacopa\/?p=7415"},"modified":"2020-11-26T11:41:54","modified_gmt":"2020-11-26T10:41:54","slug":"20-de-novembre-dia-internacional-dels-drets-dels-infants","status":"publish","type":"post","link":"https:\/\/agora.xtec.cat\/iesmontsacopa\/general\/20-de-novembre-dia-internacional-dels-drets-dels-infants\/","title":{"rendered":"20 de novembre. Dia internacional dels drets dels infants"},"content":{"rendered":"<h5>Cicle Formatiu de Grau Superior d\u2019Educaci\u00f3 Infantil. Serveis Socioculturals i a la Comunitat.<\/h5>\n<p>&nbsp;<\/p>\n<p>Des del M\u00f2dul d&#8217;atenci\u00f3 a fam\u00edlies i atenci\u00f3 a infants del CFGS d&#8217;Educaci\u00f3 infantil, s&#8217;han elaborat els seg\u00fcents v\u00eddeos per commemorar el 20 de novembre que \u00e9s el dia internacional dels drets dels infants.<\/p>\n<table style=\"width: 100%;\">\n<tbody>\n<tr>\n<td style=\"border-color: #ffffff;\"><iframe loading=\"lazy\" src=\"https:\/\/www.youtube.com\/embed\/E8I9BfK6PEA\" width=\"560\" height=\"315\" frameborder=\"0\"><\/iframe><\/p>\n<ul style=\"list-style-type: disc;\">\n<li>Paula Cros, Nayeli Mart\u00ednez i Ainhoa Aguilar<\/li>\n<\/ul>\n<\/td>\n<td style=\"border-color: #ffffff;\"><iframe loading=\"lazy\" src=\"https:\/\/www.youtube.com\/embed\/EwdZVC_695c\" width=\"560\" height=\"315\" frameborder=\"0\"><\/iframe><\/p>\n<ul style=\"list-style-type: disc;\">\n<li>Joel Esteve, Mar Guix, Pau Porxas i Sandra Toboso<\/li>\n<\/ul>\n<\/td>\n<\/tr>\n<tr>\n<td style=\"border-color: #ffffff;\"><iframe loading=\"lazy\" src=\"https:\/\/www.youtube.com\/embed\/lkNKTa8P3oc\" width=\"560\" height=\"315\" frameborder=\"0\"><\/iframe><\/p>\n<ul style=\"list-style-type: disc;\">\n<li>Marta Bellido, Mireia Bosch, Marc Casado i Allysson Coello<\/li>\n<\/ul>\n<\/td>\n<td style=\"border-color: #ffffff;\"><iframe loading=\"lazy\" src=\"https:\/\/www.youtube.com\/embed\/Cbz5EnEc2gI\" width=\"560\" height=\"315\" frameborder=\"0\"><\/iframe><\/p>\n<ul style=\"list-style-type: disc;\">\n<li>Eva Comamala, Bru Comas, Cristina Espinosa i Carla Garc\u00eda<\/li>\n<\/ul>\n<\/td>\n<\/tr>\n<tr>\n<td style=\"border-color: #ffffff;\"><iframe loading=\"lazy\" src=\"https:\/\/www.youtube.com\/embed\/2ynSuhr_N3w\" width=\"560\" height=\"315\" frameborder=\"0\"><\/iframe><\/p>\n<ul style=\"list-style-type: disc;\">\n<li><\/li>\n<\/ul>\n<\/td>\n<td style=\"border-color: #ffffff;\"><iframe loading=\"lazy\" src=\"https:\/\/www.youtube.com\/embed\/-WIDCkQuKtY\" width=\"560\" height=\"315\" frameborder=\"0\"><\/iframe><\/p>\n<ul>\n<li>Alejandra Alonzo, Lisbeth G\u00f3mez, Simran Paul i Maria Martinez<\/li>\n<\/ul>\n<\/td>\n<\/tr>\n<\/tbody>\n<\/table>\n","protected":false},"excerpt":{"rendered":"<p>Cicle Formatiu de Grau Superior d\u2019Educaci\u00f3 Infantil. Serveis Socioculturals i a la Comunitat. &nbsp; Des del M\u00f2dul d&#8217;atenci\u00f3 a fam\u00edlies i atenci\u00f3 a infants del CFGS d&#8217;Educaci\u00f3 infantil, s&#8217;han elaborat els seg\u00fcents v\u00eddeos per commemorar el 20 de novembre que \u00e9s el dia internacional dels drets dels infants. Paula Cros, Nayeli Mart\u00ednez i Ainhoa Aguilar [&hellip;]<\/p>\n","protected":false},"author":1,"featured_media":7463,"comment_status":"open","ping_status":"closed","sticky":false,"template":"","format":"standard","meta":{"_bbp_topic_count":0,"_bbp_reply_count":0,"_bbp_total_topic_count":0,"_bbp_total_reply_count":0,"_bbp_voice_count":0,"_bbp_anonymous_reply_count":0,"_bbp_topic_count_hidden":0,"_bbp_reply_count_hidden":0,"_bbp_forum_subforum_count":0,"site-sidebar-layout":"default","site-content-layout":"","ast-site-content-layout":"","site-content-style":"default","site-sidebar-style":"default","ast-global-header-display":"","ast-banner-title-visibility":"","ast-main-header-display":"","ast-hfb-above-header-display":"","ast-hfb-below-header-display":"","ast-hfb-mobile-header-display":"","site-post-title":"","ast-breadcrumbs-content":"","ast-featured-img":"","footer-sml-layout":"","theme-transparent-header-meta":"","adv-header-id-meta":"","stick-header-meta":"","header-above-stick-meta":"","header-main-stick-meta":"","header-below-stick-meta":"","astra-migrate-meta-layouts":"default","ast-page-background-enabled":"default","ast-page-background-meta":{"desktop":{"background-color":"var(--ast-global-color-4)","background-image":"","background-repeat":"repeat","background-position":"center center","background-size":"auto","background-attachment":"scroll","background-type":"","background-media":"","overlay-type":"","overlay-color":"","overlay-opacity":"","overlay-gradient":""},"tablet":{"background-color":"","background-image":"","background-repeat":"repeat","background-position":"center center","background-size":"auto","background-attachment":"scroll","background-type":"","background-media":"","overlay-type":"","overlay-color":"","overlay-opacity":"","overlay-gradient":""},"mobile":{"background-color":"","background-image":"","background-repeat":"repeat","background-position":"center center","background-size":"auto","background-attachment":"scroll","background-type":"","background-media":"","overlay-type":"","overlay-color":"","overlay-opacity":"","overlay-gradient":""}},"ast-content-background-meta":{"desktop":{"background-color":"var(--ast-global-color-5)","background-image":"","background-repeat":"repeat","background-position":"center center","background-size":"auto","background-attachment":"scroll","background-type":"","background-media":"","overlay-type":"","overlay-color":"","overlay-opacity":"","overlay-gradient":""},"tablet":{"background-color":"var(--ast-global-color-5)","background-image":"","background-repeat":"repeat","background-position":"center center","background-size":"auto","background-attachment":"scroll","background-type":"","background-media":"","overlay-type":"","overlay-color":"","overlay-opacity":"","overlay-gradient":""},"mobile":{"background-color":"var(--ast-global-color-5)","background-image":"","background-repeat":"repeat","background-position":"center center","background-size":"auto","background-attachment":"scroll","background-type":"","background-media":"","overlay-type":"","overlay-color":"","overlay-opacity":"","overlay-gradient":""}},"footnotes":""},"categories":[86,30,1,29],"tags":[120,37,93],"class_list":["post-7415","post","type-post","status-publish","format-standard","has-post-thumbnail","hentry","category-alumnat","category-cicles-formatius","category-general","category-portada","tag-activitats","tag-audiovisuals","tag-cicles-formatius"],"post_mailing_queue_ids":[],"_links":{"self":[{"href":"https:\/\/agora.xtec.cat\/iesmontsacopa\/wp-json\/wp\/v2\/posts\/7415","targetHints":{"allow":["GET"]}}],"collection":[{"href":"https:\/\/agora.xtec.cat\/iesmontsacopa\/wp-json\/wp\/v2\/posts"}],"about":[{"href":"https:\/\/agora.xtec.cat\/iesmontsacopa\/wp-json\/wp\/v2\/types\/post"}],"author":[{"embeddable":true,"href":"https:\/\/agora.xtec.cat\/iesmontsacopa\/wp-json\/wp\/v2\/users\/1"}],"replies":[{"embeddable":true,"href":"https:\/\/agora.xtec.cat\/iesmontsacopa\/wp-json\/wp\/v2\/comments?post=7415"}],"version-history":[{"count":4,"href":"https:\/\/agora.xtec.cat\/iesmontsacopa\/wp-json\/wp\/v2\/posts\/7415\/revisions"}],"predecessor-version":[{"id":7469,"href":"https:\/\/agora.xtec.cat\/iesmontsacopa\/wp-json\/wp\/v2\/posts\/7415\/revisions\/7469"}],"wp:featuredmedia":[{"embeddable":true,"href":"https:\/\/agora.xtec.cat\/iesmontsacopa\/wp-json\/wp\/v2\/media\/7463"}],"wp:attachment":[{"href":"https:\/\/agora.xtec.cat\/iesmontsacopa\/wp-json\/wp\/v2\/media?parent=7415"}],"wp:term":[{"taxonomy":"category","embeddable":true,"href":"https:\/\/agora.xtec.cat\/iesmontsacopa\/wp-json\/wp\/v2\/categories?post=7415"},{"taxonomy":"post_tag","embeddable":true,"href":"https:\/\/agora.xtec.cat\/iesmontsacopa\/wp-json\/wp\/v2\/tags?post=7415"}],"curies":[{"name":"wp","href":"https:\/\/api.w.org\/{rel}","templated":true}]}}