{"id":2444,"date":"2017-11-22T22:13:28","date_gmt":"2017-11-22T21:13:28","guid":{"rendered":"http:\/\/agora.xtec.cat\/iesmontsacopa\/?p=2444"},"modified":"2017-12-04T17:18:59","modified_gmt":"2017-12-04T16:18:59","slug":"itinerari-cultural-alumnes-de-2n-de-batxillerat","status":"publish","type":"post","link":"https:\/\/agora.xtec.cat\/iesmontsacopa\/general\/itinerari-cultural-alumnes-de-2n-de-batxillerat\/","title":{"rendered":"Itinerari cultural. Alumnes de 2n de batxillerat."},"content":{"rendered":"<table>\n<tbody>\n<tr>\n<td style=\"border-color: #ffffff;\"><a href=\"http:\/\/agora.xtec.cat\/iesmontsacopa\/wp-content\/uploads\/usu944\/2017\/11\/20171122_181017.jpg\"><img loading=\"lazy\" decoding=\"async\" class=\"aligncenter size-full wp-image-2445\" src=\"http:\/\/agora.xtec.cat\/iesmontsacopa\/wp-content\/uploads\/usu944\/2017\/11\/20171122_181017.jpg\" alt=\"\" width=\"732\" height=\"743\" srcset=\"https:\/\/agora.xtec.cat\/iesmontsacopa\/wp-content\/uploads\/usu944\/2017\/11\/20171122_181017.jpg 732w, https:\/\/agora.xtec.cat\/iesmontsacopa\/wp-content\/uploads\/usu944\/2017\/11\/20171122_181017-296x300.jpg 296w\" sizes=\"auto, (max-width: 732px) 100vw, 732px\" \/><\/a><\/td>\n<td style=\"border-color: #ffffff; text-align: justify;\">El 2 de novembre, alguns alumnes de 2n de Batxillerat van fer un itinerari cultural amb lectures de l&#8217;obra <strong><em>Solitud<\/em><\/strong> de <strong>V\u00edctor Catal\u00e0<\/strong> pels voltants de Torroella de Montgr\u00ed. Van descobrir els possibles paral\u00b7lelismes entre els paisatges de l&#8217;obra i els reals, completant el cam\u00ed que porta fins a l&#8217;ermita de Santa Caterina.<\/td>\n<\/tr>\n<\/tbody>\n<\/table>\n","protected":false},"excerpt":{"rendered":"<p>El 2 de novembre, alguns alumnes de 2n de Batxillerat van fer un itinerari cultural amb lectures de l&#8217;obra Solitud de V\u00edctor Catal\u00e0 pels voltants de Torroella de Montgr\u00ed. Van descobrir els possibles paral\u00b7lelismes entre els paisatges de l&#8217;obra i els reals, completant el cam\u00ed que porta fins a l&#8217;ermita de Santa Caterina.<\/p>\n","protected":false},"author":1,"featured_media":0,"comment_status":"open","ping_status":"closed","sticky":false,"template":"","format":"standard","meta":{"_bbp_topic_count":0,"_bbp_reply_count":0,"_bbp_total_topic_count":0,"_bbp_total_reply_count":0,"_bbp_voice_count":0,"_bbp_anonymous_reply_count":0,"_bbp_topic_count_hidden":0,"_bbp_reply_count_hidden":0,"_bbp_forum_subforum_count":0,"site-sidebar-layout":"default","site-content-layout":"","ast-site-content-layout":"","site-content-style":"default","site-sidebar-style":"default","ast-global-header-display":"","ast-banner-title-visibility":"","ast-main-header-display":"","ast-hfb-above-header-display":"","ast-hfb-below-header-display":"","ast-hfb-mobile-header-display":"","site-post-title":"","ast-breadcrumbs-content":"","ast-featured-img":"","footer-sml-layout":"","theme-transparent-header-meta":"","adv-header-id-meta":"","stick-header-meta":"","header-above-stick-meta":"","header-main-stick-meta":"","header-below-stick-meta":"","astra-migrate-meta-layouts":"default","ast-page-background-enabled":"default","ast-page-background-meta":{"desktop":{"background-color":"var(--ast-global-color-4)","background-image":"","background-repeat":"repeat","background-position":"center center","background-size":"auto","background-attachment":"scroll","background-type":"","background-media":"","overlay-type":"","overlay-color":"","overlay-opacity":"","overlay-gradient":""},"tablet":{"background-color":"","background-image":"","background-repeat":"repeat","background-position":"center center","background-size":"auto","background-attachment":"scroll","background-type":"","background-media":"","overlay-type":"","overlay-color":"","overlay-opacity":"","overlay-gradient":""},"mobile":{"background-color":"","background-image":"","background-repeat":"repeat","background-position":"center center","background-size":"auto","background-attachment":"scroll","background-type":"","background-media":"","overlay-type":"","overlay-color":"","overlay-opacity":"","overlay-gradient":""}},"ast-content-background-meta":{"desktop":{"background-color":"var(--ast-global-color-5)","background-image":"","background-repeat":"repeat","background-position":"center center","background-size":"auto","background-attachment":"scroll","background-type":"","background-media":"","overlay-type":"","overlay-color":"","overlay-opacity":"","overlay-gradient":""},"tablet":{"background-color":"var(--ast-global-color-5)","background-image":"","background-repeat":"repeat","background-position":"center center","background-size":"auto","background-attachment":"scroll","background-type":"","background-media":"","overlay-type":"","overlay-color":"","overlay-opacity":"","overlay-gradient":""},"mobile":{"background-color":"var(--ast-global-color-5)","background-image":"","background-repeat":"repeat","background-position":"center center","background-size":"auto","background-attachment":"scroll","background-type":"","background-media":"","overlay-type":"","overlay-color":"","overlay-opacity":"","overlay-gradient":""}},"footnotes":""},"categories":[86,8,1,29],"tags":[120,90],"class_list":["post-2444","post","type-post","status-publish","format-standard","hentry","category-alumnat","category-batxillerat","category-general","category-portada","tag-activitats","tag-batxillerat"],"post_mailing_queue_ids":[],"_links":{"self":[{"href":"https:\/\/agora.xtec.cat\/iesmontsacopa\/wp-json\/wp\/v2\/posts\/2444","targetHints":{"allow":["GET"]}}],"collection":[{"href":"https:\/\/agora.xtec.cat\/iesmontsacopa\/wp-json\/wp\/v2\/posts"}],"about":[{"href":"https:\/\/agora.xtec.cat\/iesmontsacopa\/wp-json\/wp\/v2\/types\/post"}],"author":[{"embeddable":true,"href":"https:\/\/agora.xtec.cat\/iesmontsacopa\/wp-json\/wp\/v2\/users\/1"}],"replies":[{"embeddable":true,"href":"https:\/\/agora.xtec.cat\/iesmontsacopa\/wp-json\/wp\/v2\/comments?post=2444"}],"version-history":[{"count":4,"href":"https:\/\/agora.xtec.cat\/iesmontsacopa\/wp-json\/wp\/v2\/posts\/2444\/revisions"}],"predecessor-version":[{"id":2498,"href":"https:\/\/agora.xtec.cat\/iesmontsacopa\/wp-json\/wp\/v2\/posts\/2444\/revisions\/2498"}],"wp:attachment":[{"href":"https:\/\/agora.xtec.cat\/iesmontsacopa\/wp-json\/wp\/v2\/media?parent=2444"}],"wp:term":[{"taxonomy":"category","embeddable":true,"href":"https:\/\/agora.xtec.cat\/iesmontsacopa\/wp-json\/wp\/v2\/categories?post=2444"},{"taxonomy":"post_tag","embeddable":true,"href":"https:\/\/agora.xtec.cat\/iesmontsacopa\/wp-json\/wp\/v2\/tags?post=2444"}],"curies":[{"name":"wp","href":"https:\/\/api.w.org\/{rel}","templated":true}]}}