{"id":9994,"date":"2024-05-29T09:42:03","date_gmt":"2024-05-29T07:42:03","guid":{"rendered":"https:\/\/agora.xtec.cat\/iesmontbui\/?p=9994"},"modified":"2024-06-13T08:02:28","modified_gmt":"2024-06-13T06:02:28","slug":"linstitut-participara-a-la-trobada-encantat","status":"publish","type":"post","link":"https:\/\/agora.xtec.cat\/iesmontbui\/general\/linstitut-participara-a-la-trobada-encantat\/","title":{"rendered":"L&#8217;institut encantar\u00e0 amb la seva mirada a la Setmana de les Arts"},"content":{"rendered":"<p>L&#8217;alumnat de <strong>primer d&#8217;ESO<\/strong> de l&#8217;Institut Montbui posar\u00e0 veu al concert <strong>Encanta&#8217;t,<\/strong> que tindr\u00e0 lloc el proper <strong>dimecres 12 de juny de 2024 a les 11.30 hores,<\/strong> al centre cultural MontAgora de<strong> Santa Margarida de Montbui.<\/strong> Aquesta trobada comptar\u00e0 tamb\u00e9 amb la pres\u00e8ncia d&#8217;alumnat de sis\u00e8 de prim\u00e0ria centres educatius del municipi. Una mostra d&#8217;aquest projecte el veureu en el seg\u00fcent v\u00eddeo:<\/p>\n<p><iframe loading=\"lazy\" title=\"ENCANTA&#039;T\" src=\"https:\/\/player.vimeo.com\/video\/950991289?dnt=1&amp;app_id=122963\" width=\"500\" height=\"281\" frameborder=\"0\" allow=\"autoplay; fullscreen; picture-in-picture; clipboard-write\"><\/iframe><\/p>\n<p>&nbsp;<\/p>\n<p>Aquesta activitat forma part de la <strong>Setmana de les Arts,<\/strong> que se celebra del 7 al 13 de juny al municipi. A m\u00e9s de l&#8217;Encanta&#8217;t, l&#8217;institut participa el <strong>divendres, 7 de juny, a les 20.30 hores,<\/strong> a la Sala Gran, en la representaci\u00f3 de l&#8217;obra de teatre &#8220;Amb la meva mirada&#8221;.<\/p>\n<p><a href=\"https:\/\/agora.xtec.cat\/iesmontbui\/wp-content\/uploads\/usu145\/2024\/05\/Setmana-de-les-arts-2023-bona-1.png\"><img loading=\"lazy\" decoding=\"async\" class=\" wp-image-10032 aligncenter\" src=\"https:\/\/agora.xtec.cat\/iesmontbui\/wp-content\/uploads\/usu145\/2024\/05\/Setmana-de-les-arts-2023-bona-1-212x300.png\" alt=\"\" width=\"263\" height=\"306\" \/><\/a><\/p>\n<p>M\u00e9s informaci\u00f3: <a href=\"https:\/\/www.montbui.cat\/actualitat\/noticiesagenda-dactualitat\/es-prepara-una-nova-edicio-de-la-setmana-de-les-arts.html\">https:\/\/www.montbui.cat\/actualitat\/noticiesagenda-dactualitat\/es-prepara-una-nova-edicio-de-la-setmana-de-les-arts.html\u00a0<\/a><\/p>\n","protected":false},"excerpt":{"rendered":"<p>L&#8217;alumnat de primer d&#8217;ESO de l&#8217;Institut Montbui posar\u00e0 veu al concert Encanta&#8217;t, que tindr\u00e0 lloc el proper dimecres 12 de juny de 2024 a les 11.30 hores, al centre cultural MontAgora de Santa Margarida de Montbui. Aquesta trobada comptar\u00e0 tamb\u00e9 amb la pres\u00e8ncia d&#8217;alumnat de&hellip;  <a href=\"https:\/\/agora.xtec.cat\/iesmontbui\/general\/linstitut-participara-a-la-trobada-encantat\/\" title=\"Read L&#8217;institut encantar\u00e0 amb la seva mirada a la Setmana de les Arts\">Llegeix m\u00e9s\u00bb<\/a><\/p>\n","protected":false},"author":66,"featured_media":10003,"comment_status":"open","ping_status":"closed","sticky":false,"template":"","format":"standard","meta":{"_bbp_topic_count":0,"_bbp_reply_count":0,"_bbp_total_topic_count":0,"_bbp_total_reply_count":0,"_bbp_voice_count":0,"_bbp_anonymous_reply_count":0,"_bbp_topic_count_hidden":0,"_bbp_reply_count_hidden":0,"_bbp_forum_subforum_count":0,"footnotes":""},"categories":[1,29],"tags":[786,768,767,785],"class_list":["post-9994","post","type-post","status-publish","format-standard","has-post-thumbnail","hentry","category-general","category-portada","tag-amb-la-teva-mirada","tag-concert-encantat","tag-encantat","tag-setmana-de-les-arts"],"post_mailing_queue_ids":[],"_links":{"self":[{"href":"https:\/\/agora.xtec.cat\/iesmontbui\/wp-json\/wp\/v2\/posts\/9994","targetHints":{"allow":["GET"]}}],"collection":[{"href":"https:\/\/agora.xtec.cat\/iesmontbui\/wp-json\/wp\/v2\/posts"}],"about":[{"href":"https:\/\/agora.xtec.cat\/iesmontbui\/wp-json\/wp\/v2\/types\/post"}],"author":[{"embeddable":true,"href":"https:\/\/agora.xtec.cat\/iesmontbui\/wp-json\/wp\/v2\/users\/66"}],"replies":[{"embeddable":true,"href":"https:\/\/agora.xtec.cat\/iesmontbui\/wp-json\/wp\/v2\/comments?post=9994"}],"version-history":[{"count":6,"href":"https:\/\/agora.xtec.cat\/iesmontbui\/wp-json\/wp\/v2\/posts\/9994\/revisions"}],"predecessor-version":[{"id":10079,"href":"https:\/\/agora.xtec.cat\/iesmontbui\/wp-json\/wp\/v2\/posts\/9994\/revisions\/10079"}],"wp:featuredmedia":[{"embeddable":true,"href":"https:\/\/agora.xtec.cat\/iesmontbui\/wp-json\/wp\/v2\/media\/10003"}],"wp:attachment":[{"href":"https:\/\/agora.xtec.cat\/iesmontbui\/wp-json\/wp\/v2\/media?parent=9994"}],"wp:term":[{"taxonomy":"category","embeddable":true,"href":"https:\/\/agora.xtec.cat\/iesmontbui\/wp-json\/wp\/v2\/categories?post=9994"},{"taxonomy":"post_tag","embeddable":true,"href":"https:\/\/agora.xtec.cat\/iesmontbui\/wp-json\/wp\/v2\/tags?post=9994"}],"curies":[{"name":"wp","href":"https:\/\/api.w.org\/{rel}","templated":true}]}}