{"id":9968,"date":"2024-05-21T15:37:38","date_gmt":"2024-05-21T13:37:38","guid":{"rendered":"https:\/\/agora.xtec.cat\/iesmontbui\/?p=9968"},"modified":"2024-05-21T15:37:38","modified_gmt":"2024-05-21T13:37:38","slug":"les-cartes-dels-soldats-de-4t-deso-b","status":"publish","type":"post","link":"https:\/\/agora.xtec.cat\/iesmontbui\/general\/les-cartes-dels-soldats-de-4t-deso-b\/","title":{"rendered":"Les cartes dels &#8216;soldats&#8217; de 4t d&#8217;ESO B"},"content":{"rendered":"<p><a href=\"https:\/\/agora.xtec.cat\/iesmontbui\/wp-content\/uploads\/usu145\/2024\/05\/IMG_3065-scaled.jpg\"><img loading=\"lazy\" decoding=\"async\" class=\" wp-image-9976 aligncenter\" src=\"https:\/\/agora.xtec.cat\/iesmontbui\/wp-content\/uploads\/usu145\/2024\/05\/IMG_3065-300x225.jpg\" alt=\"\" width=\"338\" height=\"249\" \/><\/a><\/p>\n<p>L&#8217;alumnat de quart d&#8217;ESO B est\u00e0 treballant la <strong>Primera Guerra Mundial<\/strong> a trav\u00e9s d&#8217;una activitat molt especial: <strong>escriure cartes des de la perspectiva dels soldats al front occidental o oriental.<\/strong> Aquesta activitat els ha perm\u00e8s endinsar-se en el m\u00f3n i les viv\u00e8ncies d&#8217;aquells homes que, tot i estar lluitant en una guerra, tenien fam\u00edlies esperant-los a casa. Aquestes cartes reflecteixen la dura realitat que van viure milions d&#8217;homes durant el conflicte.<\/p>\n<p>L&#8217;alumnat s&#8217;ha posat en la pell dels soldats, intentant capturar els seus sentiments, les condicions en les que vivien, les armes que utilitzaven i molts altres detalls que defineixen aquell per\u00edode hist\u00f2ric. A m\u00e9s a trav\u00e9s d&#8217;aquest treball, els alumnes han aconseguit una comprensi\u00f3 m\u00e9s profunda de la guerra.<\/p>\n<p>&nbsp;<\/p>\n","protected":false},"excerpt":{"rendered":"<p><a href=\"https:\/\/agora.xtec.cat\/iesmontbui\/wp-content\/uploads\/usu145\/2024\/05\/IMG_3065-scaled.jpg\"><\/a><br \/>\nL&#8217;alumnat de quart d&#8217;ESO B est\u00e0 treballant la Primera Guerra Mundial a trav\u00e9s d&#8217;una activitat molt especial: escriure cartes des de la perspectiva dels soldats al front occidental o oriental. Aquesta activitat els ha perm\u00e8s endinsar-se en el m\u00f3n i les viv\u00e8ncies d&#8217;aquells homes&hellip;  <a href=\"https:\/\/agora.xtec.cat\/iesmontbui\/general\/les-cartes-dels-soldats-de-4t-deso-b\/\" title=\"Read Les cartes dels &#8216;soldats&#8217; de 4t d&#8217;ESO B\">Llegeix m\u00e9s\u00bb<\/a><\/p>\n","protected":false},"author":66,"featured_media":9976,"comment_status":"open","ping_status":"closed","sticky":false,"template":"","format":"standard","meta":{"_bbp_topic_count":0,"_bbp_reply_count":0,"_bbp_total_topic_count":0,"_bbp_total_reply_count":0,"_bbp_voice_count":0,"_bbp_anonymous_reply_count":0,"_bbp_topic_count_hidden":0,"_bbp_reply_count_hidden":0,"_bbp_forum_subforum_count":0,"footnotes":""},"categories":[7,25,1,29],"tags":[757,758],"class_list":["post-9968","post","type-post","status-publish","format-standard","has-post-thumbnail","hentry","category-eso-4","category-eso-4b","category-general","category-portada","tag-cartes-soldats","tag-primera-guerra-mundial"],"post_mailing_queue_ids":[],"_links":{"self":[{"href":"https:\/\/agora.xtec.cat\/iesmontbui\/wp-json\/wp\/v2\/posts\/9968","targetHints":{"allow":["GET"]}}],"collection":[{"href":"https:\/\/agora.xtec.cat\/iesmontbui\/wp-json\/wp\/v2\/posts"}],"about":[{"href":"https:\/\/agora.xtec.cat\/iesmontbui\/wp-json\/wp\/v2\/types\/post"}],"author":[{"embeddable":true,"href":"https:\/\/agora.xtec.cat\/iesmontbui\/wp-json\/wp\/v2\/users\/66"}],"replies":[{"embeddable":true,"href":"https:\/\/agora.xtec.cat\/iesmontbui\/wp-json\/wp\/v2\/comments?post=9968"}],"version-history":[{"count":3,"href":"https:\/\/agora.xtec.cat\/iesmontbui\/wp-json\/wp\/v2\/posts\/9968\/revisions"}],"predecessor-version":[{"id":9977,"href":"https:\/\/agora.xtec.cat\/iesmontbui\/wp-json\/wp\/v2\/posts\/9968\/revisions\/9977"}],"wp:featuredmedia":[{"embeddable":true,"href":"https:\/\/agora.xtec.cat\/iesmontbui\/wp-json\/wp\/v2\/media\/9976"}],"wp:attachment":[{"href":"https:\/\/agora.xtec.cat\/iesmontbui\/wp-json\/wp\/v2\/media?parent=9968"}],"wp:term":[{"taxonomy":"category","embeddable":true,"href":"https:\/\/agora.xtec.cat\/iesmontbui\/wp-json\/wp\/v2\/categories?post=9968"},{"taxonomy":"post_tag","embeddable":true,"href":"https:\/\/agora.xtec.cat\/iesmontbui\/wp-json\/wp\/v2\/tags?post=9968"}],"curies":[{"name":"wp","href":"https:\/\/api.w.org\/{rel}","templated":true}]}}