{"id":9962,"date":"2024-05-20T14:06:15","date_gmt":"2024-05-20T12:06:15","guid":{"rendered":"https:\/\/agora.xtec.cat\/iesmontbui\/?p=9962"},"modified":"2024-05-20T14:10:54","modified_gmt":"2024-05-20T12:10:54","slug":"sortida-en-bicicleta-28-de-maig","status":"publish","type":"post","link":"https:\/\/agora.xtec.cat\/iesmontbui\/general\/sortida-en-bicicleta-28-de-maig\/","title":{"rendered":"Sortida amb bicicleta (28 de maig)"},"content":{"rendered":"<p>L&#8217;institut organitza una sortida amb bicicleta per tot l&#8217;alumnat del centre, el <strong>dimarts dia 28 de maig de 17.30 a 19.30 hores<\/strong>.<\/p>\n<p>Cal portar l&#8217;<strong>autoritzaci\u00f3 signada<\/strong> que es pot trobar a consergeria. \u00c9s <strong>obligatori l&#8217;\u00fas del casc<\/strong>. El punt de trobada ser\u00e0 al pati de l&#8217;institut.<\/p>\n<p><a href=\"https:\/\/agora.xtec.cat\/iesmontbui\/wp-content\/uploads\/usu145\/2024\/05\/Sortida-bicicleta-btt-ins-montbui-1.png\"><img loading=\"lazy\" decoding=\"async\" class=\" wp-image-9964 aligncenter\" src=\"https:\/\/agora.xtec.cat\/iesmontbui\/wp-content\/uploads\/usu145\/2024\/05\/Sortida-bicicleta-btt-ins-montbui-1-212x300.png\" alt=\"\" width=\"249\" height=\"352\" srcset=\"https:\/\/agora.xtec.cat\/iesmontbui\/wp-content\/uploads\/usu145\/2024\/05\/Sortida-bicicleta-btt-ins-montbui-1-212x300.png 212w, https:\/\/agora.xtec.cat\/iesmontbui\/wp-content\/uploads\/usu145\/2024\/05\/Sortida-bicicleta-btt-ins-montbui-1-724x1024.png 724w, https:\/\/agora.xtec.cat\/iesmontbui\/wp-content\/uploads\/usu145\/2024\/05\/Sortida-bicicleta-btt-ins-montbui-1-768x1086.png 768w, https:\/\/agora.xtec.cat\/iesmontbui\/wp-content\/uploads\/usu145\/2024\/05\/Sortida-bicicleta-btt-ins-montbui-1-1086x1536.png 1086w, https:\/\/agora.xtec.cat\/iesmontbui\/wp-content\/uploads\/usu145\/2024\/05\/Sortida-bicicleta-btt-ins-montbui-1.png 1414w\" sizes=\"auto, (max-width: 249px) 100vw, 249px\" \/><\/a><\/p>\n<p>&nbsp;<\/p>\n","protected":false},"excerpt":{"rendered":"<p>L&#8217;institut organitza una sortida amb bicicleta per tot l&#8217;alumnat del centre, el dimarts dia 28 de maig de 17.30 a 19.30 hores.<br \/>\nCal portar l&#8217;autoritzaci\u00f3 signada que es pot trobar a consergeria. \u00c9s obligatori l&#8217;\u00fas del casc. El punt de trobada ser\u00e0 al pati de l&#8217;institut.<br \/>\n<a&hellip;  <a href=\"https:\/\/agora.xtec.cat\/iesmontbui\/general\/sortida-en-bicicleta-28-de-maig\/\" title=\"Read Sortida amb bicicleta (28 de maig)\">Llegeix m\u00e9s\u00bb<\/a><\/p>\n","protected":false},"author":66,"featured_media":9963,"comment_status":"open","ping_status":"closed","sticky":false,"template":"","format":"standard","meta":{"_bbp_topic_count":0,"_bbp_reply_count":0,"_bbp_total_topic_count":0,"_bbp_total_reply_count":0,"_bbp_voice_count":0,"_bbp_anonymous_reply_count":0,"_bbp_topic_count_hidden":0,"_bbp_reply_count_hidden":0,"_bbp_forum_subforum_count":0,"footnotes":""},"categories":[1,29],"tags":[428,427,484,39],"class_list":["post-9962","post","type-post","status-publish","format-standard","has-post-thumbnail","hentry","category-general","category-portada","tag-bicicleta","tag-sortida-amb-bicicleta","tag-sortida-bicicleta","tag-sortides"],"post_mailing_queue_ids":[],"_links":{"self":[{"href":"https:\/\/agora.xtec.cat\/iesmontbui\/wp-json\/wp\/v2\/posts\/9962","targetHints":{"allow":["GET"]}}],"collection":[{"href":"https:\/\/agora.xtec.cat\/iesmontbui\/wp-json\/wp\/v2\/posts"}],"about":[{"href":"https:\/\/agora.xtec.cat\/iesmontbui\/wp-json\/wp\/v2\/types\/post"}],"author":[{"embeddable":true,"href":"https:\/\/agora.xtec.cat\/iesmontbui\/wp-json\/wp\/v2\/users\/66"}],"replies":[{"embeddable":true,"href":"https:\/\/agora.xtec.cat\/iesmontbui\/wp-json\/wp\/v2\/comments?post=9962"}],"version-history":[{"count":3,"href":"https:\/\/agora.xtec.cat\/iesmontbui\/wp-json\/wp\/v2\/posts\/9962\/revisions"}],"predecessor-version":[{"id":9967,"href":"https:\/\/agora.xtec.cat\/iesmontbui\/wp-json\/wp\/v2\/posts\/9962\/revisions\/9967"}],"wp:featuredmedia":[{"embeddable":true,"href":"https:\/\/agora.xtec.cat\/iesmontbui\/wp-json\/wp\/v2\/media\/9963"}],"wp:attachment":[{"href":"https:\/\/agora.xtec.cat\/iesmontbui\/wp-json\/wp\/v2\/media?parent=9962"}],"wp:term":[{"taxonomy":"category","embeddable":true,"href":"https:\/\/agora.xtec.cat\/iesmontbui\/wp-json\/wp\/v2\/categories?post=9962"},{"taxonomy":"post_tag","embeddable":true,"href":"https:\/\/agora.xtec.cat\/iesmontbui\/wp-json\/wp\/v2\/tags?post=9962"}],"curies":[{"name":"wp","href":"https:\/\/api.w.org\/{rel}","templated":true}]}}