{"id":9958,"date":"2024-05-16T10:49:31","date_gmt":"2024-05-16T08:49:31","guid":{"rendered":"https:\/\/agora.xtec.cat\/iesmontbui\/?p=9958"},"modified":"2024-05-16T10:49:42","modified_gmt":"2024-05-16T08:49:42","slug":"aixi-sagafa-una-gallina","status":"publish","type":"post","link":"https:\/\/agora.xtec.cat\/iesmontbui\/eso\/eso-2\/aixi-sagafa-una-gallina\/","title":{"rendered":"Aix\u00ed s&#8217;agafa una gallina!"},"content":{"rendered":"<p><a href=\"https:\/\/agora.xtec.cat\/iesmontbui\/wp-content\/uploads\/usu145\/2024\/05\/7-scaled-e1715849082751.jpg\"><img loading=\"lazy\" decoding=\"async\" class=\" wp-image-9959 aligncenter\" src=\"https:\/\/agora.xtec.cat\/iesmontbui\/wp-content\/uploads\/usu145\/2024\/05\/7-scaled-e1715849082751-300x213.jpg\" alt=\"\" width=\"346\" height=\"246\" \/><\/a><\/p>\n<p>L&#8217;alumnat de l&#8217;optativa d&#8217;hort i escola verda de segon d&#8217;ESO ha fet aquest dimecres, 15 de maig, l&#8217;\u00faltima visita a l&#8217;hort i petita granja de <strong>Can Mercaderet.<\/strong> Han donat garrofes de premi a les vaques, han tastat la seva llet amb els iogurts i gelat que els han donat a tastar, juntament amb garrofes i fonoll. Tamb\u00e9 han apr\u00e8s com agafar una gallina, de qu\u00e8 s&#8217;alimenten, per qu\u00e8 cal fer rotaci\u00f3 de cultius o com tenir un hort ecol\u00f2gic, entre d&#8217;altres activitats.<\/p>\n<p>Podeu veure un recull d&#8217;imatges de la sortida a l&#8217;Instagram del centre.<\/p>\n","protected":false},"excerpt":{"rendered":"<p><a href=\"https:\/\/agora.xtec.cat\/iesmontbui\/wp-content\/uploads\/usu145\/2024\/05\/7-scaled-e1715849082751.jpg\"><\/a><br \/>\nL&#8217;alumnat de l&#8217;optativa d&#8217;hort i escola verda de segon d&#8217;ESO ha fet aquest dimecres, 15 de maig, l&#8217;\u00faltima visita a l&#8217;hort i petita granja de Can Mercaderet. Han donat garrofes de premi a les vaques, han tastat la seva llet amb els iogurts i&hellip;  <a href=\"https:\/\/agora.xtec.cat\/iesmontbui\/eso\/eso-2\/aixi-sagafa-una-gallina\/\" title=\"Read Aix\u00ed s&#8217;agafa una gallina!\">Llegeix m\u00e9s\u00bb<\/a><\/p>\n","protected":false},"author":66,"featured_media":9959,"comment_status":"open","ping_status":"closed","sticky":false,"template":"","format":"standard","meta":{"_bbp_topic_count":0,"_bbp_reply_count":0,"_bbp_total_topic_count":0,"_bbp_total_reply_count":0,"_bbp_voice_count":0,"_bbp_anonymous_reply_count":0,"_bbp_topic_count_hidden":0,"_bbp_reply_count_hidden":0,"_bbp_forum_subforum_count":0,"footnotes":""},"categories":[120,5,29],"tags":[421,651,419],"class_list":["post-9958","post","type-post","status-publish","format-standard","has-post-thumbnail","hentry","category-depciencies","category-eso-2","category-portada","tag-can-mercaderet","tag-optativa-hort","tag-projecte-hort-i-escola-verda"],"post_mailing_queue_ids":[],"_links":{"self":[{"href":"https:\/\/agora.xtec.cat\/iesmontbui\/wp-json\/wp\/v2\/posts\/9958","targetHints":{"allow":["GET"]}}],"collection":[{"href":"https:\/\/agora.xtec.cat\/iesmontbui\/wp-json\/wp\/v2\/posts"}],"about":[{"href":"https:\/\/agora.xtec.cat\/iesmontbui\/wp-json\/wp\/v2\/types\/post"}],"author":[{"embeddable":true,"href":"https:\/\/agora.xtec.cat\/iesmontbui\/wp-json\/wp\/v2\/users\/66"}],"replies":[{"embeddable":true,"href":"https:\/\/agora.xtec.cat\/iesmontbui\/wp-json\/wp\/v2\/comments?post=9958"}],"version-history":[{"count":2,"href":"https:\/\/agora.xtec.cat\/iesmontbui\/wp-json\/wp\/v2\/posts\/9958\/revisions"}],"predecessor-version":[{"id":9961,"href":"https:\/\/agora.xtec.cat\/iesmontbui\/wp-json\/wp\/v2\/posts\/9958\/revisions\/9961"}],"wp:featuredmedia":[{"embeddable":true,"href":"https:\/\/agora.xtec.cat\/iesmontbui\/wp-json\/wp\/v2\/media\/9959"}],"wp:attachment":[{"href":"https:\/\/agora.xtec.cat\/iesmontbui\/wp-json\/wp\/v2\/media?parent=9958"}],"wp:term":[{"taxonomy":"category","embeddable":true,"href":"https:\/\/agora.xtec.cat\/iesmontbui\/wp-json\/wp\/v2\/categories?post=9958"},{"taxonomy":"post_tag","embeddable":true,"href":"https:\/\/agora.xtec.cat\/iesmontbui\/wp-json\/wp\/v2\/tags?post=9958"}],"curies":[{"name":"wp","href":"https:\/\/api.w.org\/{rel}","templated":true}]}}