{"id":9930,"date":"2024-05-10T17:48:10","date_gmt":"2024-05-10T15:48:10","guid":{"rendered":"https:\/\/agora.xtec.cat\/iesmontbui\/?p=9930"},"modified":"2024-05-10T17:51:38","modified_gmt":"2024-05-10T15:51:38","slug":"linstitut-posa-veu-a-la-terra","status":"publish","type":"post","link":"https:\/\/agora.xtec.cat\/iesmontbui\/eso\/eso-3\/linstitut-posa-veu-a-la-terra\/","title":{"rendered":"L&#8217;institut posa veu a la Terra"},"content":{"rendered":"<p><a href=\"https:\/\/agora.xtec.cat\/iesmontbui\/wp-content\/uploads\/usu145\/2024\/05\/WhatsApp-Image-2024-05-10-at-13.23.56.jpeg\"><img loading=\"lazy\" decoding=\"async\" class=\" wp-image-9933 aligncenter\" src=\"https:\/\/agora.xtec.cat\/iesmontbui\/wp-content\/uploads\/usu145\/2024\/05\/WhatsApp-Image-2024-05-10-at-13.23.56-300x225.jpeg\" alt=\"\" width=\"337\" height=\"242\" \/><\/a><\/p>\n<p>L\u2019alumnat de<strong>\u00a0m\u00fasica<\/strong> de tercer d\u2019ESO de l&#8217;institut ha participat aquest divendres, 10 de maig, al mat\u00ed, al <strong>CortArts 2024.<\/strong> Ho ha fet prenent part de la cantata <a href=\"https:\/\/laveudelaterra.cat\/\">\u201cLa Veu de la Terra\u201d,<\/a> composta per nou temes, dels quals l\u2019Institut Montbui ha interpretat \u201cRecord\u201d i \u201cRemor\u201d, sota la direcci\u00f3 del professor<strong> Mart\u00ed Vilardeb\u00f2.\u00a0<\/strong><\/p>\n<p>L&#8217;acte ha comptat amb representants del centre i de l&#8217;Ajuntament de Santa Margarida de Montbui. La resta d\u2019alumnat de tercer d\u2019ESO ha assistit tamb\u00e9 a l\u2019acte, en qu\u00e8 hi han pres part altres centres de la comarca i de Barcelona.<\/p>\n<p>Podeu veure un recull d&#8217;imatges i v\u00eddeos a l&#8217;Instagram del centre.<\/p>\n<p>&nbsp;<\/p>\n","protected":false},"excerpt":{"rendered":"<p>L\u2019alumnat de\u00a0m\u00fasica de tercer d\u2019ESO de l&#8217;institut ha participat aquest divendres, 10 de maig, al mat\u00ed, al CortArts 2024. Ho ha fet prenent part de la cantata \u201cLa Veu de la Terra\u201d, composta per nou temes, dels quals l\u2019Institut Montbui ha interpretat \u201cRecord\u201d i \u201cRemor\u201d, sota la direcci\u00f3 del professor Mart\u00ed Vilardeb\u00f2.\u00a0 L&#8217;acte ha comptat [&hellip;]<\/p>\n","protected":false},"author":66,"featured_media":9931,"comment_status":"open","ping_status":"closed","sticky":false,"template":"","format":"standard","meta":{"_bbp_topic_count":0,"_bbp_reply_count":0,"_bbp_total_topic_count":0,"_bbp_total_reply_count":0,"_bbp_voice_count":0,"_bbp_anonymous_reply_count":0,"_bbp_topic_count_hidden":0,"_bbp_reply_count_hidden":0,"_bbp_forum_subforum_count":0,"site-sidebar-layout":"default","site-content-layout":"","ast-site-content-layout":"","site-content-style":"default","site-sidebar-style":"default","ast-global-header-display":"","ast-banner-title-visibility":"","ast-main-header-display":"","ast-hfb-above-header-display":"","ast-hfb-below-header-display":"","ast-hfb-mobile-header-display":"","site-post-title":"","ast-breadcrumbs-content":"","ast-featured-img":"","footer-sml-layout":"","theme-transparent-header-meta":"","adv-header-id-meta":"","stick-header-meta":"","header-above-stick-meta":"","header-main-stick-meta":"","header-below-stick-meta":"","astra-migrate-meta-layouts":"default","ast-page-background-enabled":"default","ast-page-background-meta":{"desktop":{"background-color":"var(--ast-global-color-4)","background-image":"","background-repeat":"repeat","background-position":"center center","background-size":"auto","background-attachment":"scroll","background-type":"","background-media":"","overlay-type":"","overlay-color":"","overlay-opacity":"","overlay-gradient":""},"tablet":{"background-color":"","background-image":"","background-repeat":"repeat","background-position":"center center","background-size":"auto","background-attachment":"scroll","background-type":"","background-media":"","overlay-type":"","overlay-color":"","overlay-opacity":"","overlay-gradient":""},"mobile":{"background-color":"","background-image":"","background-repeat":"repeat","background-position":"center center","background-size":"auto","background-attachment":"scroll","background-type":"","background-media":"","overlay-type":"","overlay-color":"","overlay-opacity":"","overlay-gradient":""}},"ast-content-background-meta":{"desktop":{"background-color":"var(--ast-global-color-5)","background-image":"","background-repeat":"repeat","background-position":"center center","background-size":"auto","background-attachment":"scroll","background-type":"","background-media":"","overlay-type":"","overlay-color":"","overlay-opacity":"","overlay-gradient":""},"tablet":{"background-color":"var(--ast-global-color-5)","background-image":"","background-repeat":"repeat","background-position":"center center","background-size":"auto","background-attachment":"scroll","background-type":"","background-media":"","overlay-type":"","overlay-color":"","overlay-opacity":"","overlay-gradient":""},"mobile":{"background-color":"var(--ast-global-color-5)","background-image":"","background-repeat":"repeat","background-position":"center center","background-size":"auto","background-attachment":"scroll","background-type":"","background-media":"","overlay-type":"","overlay-color":"","overlay-opacity":"","overlay-gradient":""}},"footnotes":""},"categories":[121,6,29],"tags":[731,732,431,734,208,733],"class_list":["post-9930","post","type-post","status-publish","format-standard","has-post-thumbnail","hentry","category-depexpressio","category-eso-3","category-portada","tag-cortarts","tag-cortarts-2024","tag-la-veu-de-la-terra","tag-marti-vilardebo","tag-musica","tag-vilanova-i-la-geltru"],"post_mailing_queue_ids":[],"_links":{"self":[{"href":"https:\/\/agora.xtec.cat\/iesmontbui\/wp-json\/wp\/v2\/posts\/9930","targetHints":{"allow":["GET"]}}],"collection":[{"href":"https:\/\/agora.xtec.cat\/iesmontbui\/wp-json\/wp\/v2\/posts"}],"about":[{"href":"https:\/\/agora.xtec.cat\/iesmontbui\/wp-json\/wp\/v2\/types\/post"}],"author":[{"embeddable":true,"href":"https:\/\/agora.xtec.cat\/iesmontbui\/wp-json\/wp\/v2\/users\/66"}],"replies":[{"embeddable":true,"href":"https:\/\/agora.xtec.cat\/iesmontbui\/wp-json\/wp\/v2\/comments?post=9930"}],"version-history":[{"count":3,"href":"https:\/\/agora.xtec.cat\/iesmontbui\/wp-json\/wp\/v2\/posts\/9930\/revisions"}],"predecessor-version":[{"id":9936,"href":"https:\/\/agora.xtec.cat\/iesmontbui\/wp-json\/wp\/v2\/posts\/9930\/revisions\/9936"}],"wp:featuredmedia":[{"embeddable":true,"href":"https:\/\/agora.xtec.cat\/iesmontbui\/wp-json\/wp\/v2\/media\/9931"}],"wp:attachment":[{"href":"https:\/\/agora.xtec.cat\/iesmontbui\/wp-json\/wp\/v2\/media?parent=9930"}],"wp:term":[{"taxonomy":"category","embeddable":true,"href":"https:\/\/agora.xtec.cat\/iesmontbui\/wp-json\/wp\/v2\/categories?post=9930"},{"taxonomy":"post_tag","embeddable":true,"href":"https:\/\/agora.xtec.cat\/iesmontbui\/wp-json\/wp\/v2\/tags?post=9930"}],"curies":[{"name":"wp","href":"https:\/\/api.w.org\/{rel}","templated":true}]}}