{"id":9747,"date":"2024-04-05T12:33:06","date_gmt":"2024-04-05T10:33:06","guid":{"rendered":"https:\/\/agora.xtec.cat\/iesmontbui\/?p=9747"},"modified":"2024-04-05T12:34:38","modified_gmt":"2024-04-05T10:34:38","slug":"iftar-popular-per-compartir-el-trencament-del-dejuni-dun-dia-de-ramada","status":"publish","type":"post","link":"https:\/\/agora.xtec.cat\/iesmontbui\/general\/iftar-popular-per-compartir-el-trencament-del-dejuni-dun-dia-de-ramada\/","title":{"rendered":"Iftar popular per compartir el trencament del dejuni d\u2019un dia de Ramad\u00e0"},"content":{"rendered":"<p style=\"font-weight: 400;\"><span style=\"font-weight: 400;\"><a href=\"https:\/\/agora.xtec.cat\/iesmontbui\/general\/iftar-popular-per-compartir-el-trencament-del-dejuni-dun-dia-de-ramada\/attachment\/img_0173-2\/\" rel=\"attachment wp-att-9749\"><img loading=\"lazy\" decoding=\"async\" class=\"alignright size-medium wp-image-9749\" src=\"https:\/\/agora.xtec.cat\/iesmontbui\/wp-content\/uploads\/usu145\/2024\/04\/IMG_0173-1-212x300.jpeg\" alt=\"\" width=\"212\" height=\"300\" srcset=\"https:\/\/agora.xtec.cat\/iesmontbui\/wp-content\/uploads\/usu145\/2024\/04\/IMG_0173-1-212x300.jpeg 212w, https:\/\/agora.xtec.cat\/iesmontbui\/wp-content\/uploads\/usu145\/2024\/04\/IMG_0173-1-724x1024.jpeg 724w, https:\/\/agora.xtec.cat\/iesmontbui\/wp-content\/uploads\/usu145\/2024\/04\/IMG_0173-1-768x1086.jpeg 768w, https:\/\/agora.xtec.cat\/iesmontbui\/wp-content\/uploads\/usu145\/2024\/04\/IMG_0173-1-1086x1536.jpeg 1086w, https:\/\/agora.xtec.cat\/iesmontbui\/wp-content\/uploads\/usu145\/2024\/04\/IMG_0173-1.jpeg 1131w\" sizes=\"auto, (max-width: 212px) 100vw, 212px\" \/><\/a>El Centre C\u00edvic i Cultural La Vin\u00edcola acollir\u00e0 dilluns 8 a partir de les 19.30 h un Iftar popular, per tal de viure i compartir l\u2019\u00e0pat amb qu\u00e8 es trenca el dejuni en un dia de Ramad\u00e0. Les inscripcions es fer fins el 7 d\u2019abril, a <a href=\"https:\/\/forms.gle\/oWxiYnGBBxGTZXVe9\" target=\"_blank\" rel=\"noopener\">aquest formulari<\/a>,<\/span><span style=\"font-weight: 400;\">\u00a0enviant un missatge de WhatsApp al n\u00famero 697 42 02 08, o b\u00e9 escrivint al correu electr\u00f2nic <\/span><span style=\"font-weight: 400;\">nkamal@anoia.cat<\/span><span style=\"font-weight: 400;\">.<\/span><\/p>\n<p style=\"font-weight: 400;\"><span style=\"font-weight: 400;\">L&#8217;Iftar \u00e9s l\u2019\u00e0pat que marca el final del per\u00edode de dejuni diari durant el mes sagrat del Ramad\u00e0, a la religi\u00f3 musulmana. L\u2019activitat t\u00e9 aforament limitat i l\u2019organitzen conjuntament l\u2019Ajuntament de Santa Margarida de Montbui, el Consell Comarcal de l\u2019Anoia, l\u2019Associaci\u00f3 Cultural Arrels i Branques i el Centre Isl\u00e0mic de Santa Margarida de Montbui.<\/span><\/p>\n","protected":false},"excerpt":{"rendered":"<p><a href=\"https:\/\/agora.xtec.cat\/iesmontbui\/general\/iftar-popular-per-compartir-el-trencament-del-dejuni-dun-dia-de-ramada\/attachment\/img_0173-2\/\" rel=\"attachment wp-att-9749\"><\/a>El Centre C\u00edvic i Cultural La Vin\u00edcola acollir\u00e0 dilluns 8 a partir de les 19.30 h un Iftar popular, per tal de viure i compartir l\u2019\u00e0pat amb qu\u00e8 es trenca el dejuni en un dia de Ramad\u00e0. Les inscripcions es fer fins&hellip;  <a href=\"https:\/\/agora.xtec.cat\/iesmontbui\/general\/iftar-popular-per-compartir-el-trencament-del-dejuni-dun-dia-de-ramada\/\" title=\"Read Iftar popular per compartir el trencament del dejuni d\u2019un dia de Ramad\u00e0\">Llegeix m\u00e9s\u00bb<\/a><\/p>\n","protected":false},"author":66,"featured_media":9748,"comment_status":"open","ping_status":"closed","sticky":false,"template":"","format":"standard","meta":{"_bbp_topic_count":0,"_bbp_reply_count":0,"_bbp_total_topic_count":0,"_bbp_total_reply_count":0,"_bbp_voice_count":0,"_bbp_anonymous_reply_count":0,"_bbp_topic_count_hidden":0,"_bbp_reply_count_hidden":0,"_bbp_forum_subforum_count":0,"footnotes":""},"categories":[1,29],"tags":[],"class_list":["post-9747","post","type-post","status-publish","format-standard","has-post-thumbnail","hentry","category-general","category-portada"],"post_mailing_queue_ids":[],"_links":{"self":[{"href":"https:\/\/agora.xtec.cat\/iesmontbui\/wp-json\/wp\/v2\/posts\/9747","targetHints":{"allow":["GET"]}}],"collection":[{"href":"https:\/\/agora.xtec.cat\/iesmontbui\/wp-json\/wp\/v2\/posts"}],"about":[{"href":"https:\/\/agora.xtec.cat\/iesmontbui\/wp-json\/wp\/v2\/types\/post"}],"author":[{"embeddable":true,"href":"https:\/\/agora.xtec.cat\/iesmontbui\/wp-json\/wp\/v2\/users\/66"}],"replies":[{"embeddable":true,"href":"https:\/\/agora.xtec.cat\/iesmontbui\/wp-json\/wp\/v2\/comments?post=9747"}],"version-history":[{"count":3,"href":"https:\/\/agora.xtec.cat\/iesmontbui\/wp-json\/wp\/v2\/posts\/9747\/revisions"}],"predecessor-version":[{"id":9752,"href":"https:\/\/agora.xtec.cat\/iesmontbui\/wp-json\/wp\/v2\/posts\/9747\/revisions\/9752"}],"wp:featuredmedia":[{"embeddable":true,"href":"https:\/\/agora.xtec.cat\/iesmontbui\/wp-json\/wp\/v2\/media\/9748"}],"wp:attachment":[{"href":"https:\/\/agora.xtec.cat\/iesmontbui\/wp-json\/wp\/v2\/media?parent=9747"}],"wp:term":[{"taxonomy":"category","embeddable":true,"href":"https:\/\/agora.xtec.cat\/iesmontbui\/wp-json\/wp\/v2\/categories?post=9747"},{"taxonomy":"post_tag","embeddable":true,"href":"https:\/\/agora.xtec.cat\/iesmontbui\/wp-json\/wp\/v2\/tags?post=9747"}],"curies":[{"name":"wp","href":"https:\/\/api.w.org\/{rel}","templated":true}]}}