{"id":9615,"date":"2024-03-13T15:50:41","date_gmt":"2024-03-13T14:50:41","guid":{"rendered":"https:\/\/agora.xtec.cat\/iesmontbui\/?p=9615"},"modified":"2024-03-13T18:32:50","modified_gmt":"2024-03-13T17:32:50","slug":"8m-les-heroines-quotidianes","status":"publish","type":"post","link":"https:\/\/agora.xtec.cat\/iesmontbui\/portada\/8m-les-heroines-quotidianes\/","title":{"rendered":"8M: Les hero\u00efnes quotidianes"},"content":{"rendered":"<p>L&#8217;alumnat de <strong>tercer d&#8217;ESO E<\/strong> ha entrevistat, aquest dimarts 12 i dimecres 13 de mar\u00e7, a set dones de Santa Margarida de Montbui. L&#8217;objectiu de l&#8217;activitat ha estat doble: treballar de forma pr\u00e0ctica el g\u00e8nere period\u00edstic de l&#8217;entrevista, a l&#8217;assignatura de <strong>Llengua Castellana i Literatura,<\/strong> i vincular-la amb el 8M, per visibilitzar i posar de relleu la tasca que han dut i duen a terme dones de diverses edats i sectors professionals del nostre municipi.<\/p>\n<p>Les dones entrevistades han estat:<\/p>\n<p><strong>Llu\u00efsa Bravo,<\/strong> activista social (Fatiha El Beghdadi i Joan Sol\u00e9)<\/p>\n<p><a href=\"https:\/\/agora.xtec.cat\/iesmontbui\/portada\/8m-les-heroines-quotidianes\/attachment\/whatsapp-image-2024-03-13-at-14-54-55\/\" rel=\"attachment wp-att-9633\"><img loading=\"lazy\" decoding=\"async\" class=\"wp-image-9633 aligncenter\" src=\"https:\/\/agora.xtec.cat\/iesmontbui\/wp-content\/uploads\/usu145\/2024\/03\/WhatsApp-Image-2024-03-13-at-14.54.55.jpeg\" alt=\"\" width=\"399\" height=\"300\" srcset=\"https:\/\/agora.xtec.cat\/iesmontbui\/wp-content\/uploads\/usu145\/2024\/03\/WhatsApp-Image-2024-03-13-at-14.54.55.jpeg 1600w, https:\/\/agora.xtec.cat\/iesmontbui\/wp-content\/uploads\/usu145\/2024\/03\/WhatsApp-Image-2024-03-13-at-14.54.55-300x225.jpeg 300w, https:\/\/agora.xtec.cat\/iesmontbui\/wp-content\/uploads\/usu145\/2024\/03\/WhatsApp-Image-2024-03-13-at-14.54.55-1024x768.jpeg 1024w, https:\/\/agora.xtec.cat\/iesmontbui\/wp-content\/uploads\/usu145\/2024\/03\/WhatsApp-Image-2024-03-13-at-14.54.55-768x576.jpeg 768w, https:\/\/agora.xtec.cat\/iesmontbui\/wp-content\/uploads\/usu145\/2024\/03\/WhatsApp-Image-2024-03-13-at-14.54.55-1536x1152.jpeg 1536w, https:\/\/agora.xtec.cat\/iesmontbui\/wp-content\/uploads\/usu145\/2024\/03\/WhatsApp-Image-2024-03-13-at-14.54.55-200x150.jpeg 200w\" sizes=\"auto, (max-width: 399px) 100vw, 399px\" \/><\/a><\/p>\n<p><strong>Montse Farjado,<\/strong> alumna de segon de Batxillerat de l&#8217;INS Montbui i jugadora d&#8217;esquaix (Amin El Jouhari i Paula Torres)<\/p>\n<p><a href=\"https:\/\/agora.xtec.cat\/iesmontbui\/portada\/8m-les-heroines-quotidianes\/attachment\/whatsapp-image-2024-03-13-at-15-37-05\/\" rel=\"attachment wp-att-9630\"><img loading=\"lazy\" decoding=\"async\" class=\"wp-image-9630 aligncenter\" src=\"https:\/\/agora.xtec.cat\/iesmontbui\/wp-content\/uploads\/usu145\/2024\/03\/WhatsApp-Image-2024-03-13-at-15.37.05.jpeg\" alt=\"\" width=\"387\" height=\"290\" srcset=\"https:\/\/agora.xtec.cat\/iesmontbui\/wp-content\/uploads\/usu145\/2024\/03\/WhatsApp-Image-2024-03-13-at-15.37.05.jpeg 1600w, https:\/\/agora.xtec.cat\/iesmontbui\/wp-content\/uploads\/usu145\/2024\/03\/WhatsApp-Image-2024-03-13-at-15.37.05-300x225.jpeg 300w, https:\/\/agora.xtec.cat\/iesmontbui\/wp-content\/uploads\/usu145\/2024\/03\/WhatsApp-Image-2024-03-13-at-15.37.05-1024x768.jpeg 1024w, https:\/\/agora.xtec.cat\/iesmontbui\/wp-content\/uploads\/usu145\/2024\/03\/WhatsApp-Image-2024-03-13-at-15.37.05-768x576.jpeg 768w, https:\/\/agora.xtec.cat\/iesmontbui\/wp-content\/uploads\/usu145\/2024\/03\/WhatsApp-Image-2024-03-13-at-15.37.05-1536x1152.jpeg 1536w, https:\/\/agora.xtec.cat\/iesmontbui\/wp-content\/uploads\/usu145\/2024\/03\/WhatsApp-Image-2024-03-13-at-15.37.05-200x150.jpeg 200w\" sizes=\"auto, (max-width: 387px) 100vw, 387px\" \/><\/a><\/p>\n<p><strong>\u00a0Noelia Garcia,<\/strong> periodista de <a href=\"https:\/\/veuanoia.cat\/\">La Veu de l&#8217;Anoia<\/a> (Galia Farhan i Aleix Pastor)<\/p>\n<p><a href=\"https:\/\/agora.xtec.cat\/iesmontbui\/portada\/8m-les-heroines-quotidianes\/attachment\/whatsapp-image-2024-03-13-at-14-54-04\/\" rel=\"attachment wp-att-9634\"><img loading=\"lazy\" decoding=\"async\" class=\"wp-image-9634 aligncenter\" src=\"https:\/\/agora.xtec.cat\/iesmontbui\/wp-content\/uploads\/usu145\/2024\/03\/WhatsApp-Image-2024-03-13-at-14.54.04.jpeg\" alt=\"\" width=\"413\" height=\"232\" srcset=\"https:\/\/agora.xtec.cat\/iesmontbui\/wp-content\/uploads\/usu145\/2024\/03\/WhatsApp-Image-2024-03-13-at-14.54.04.jpeg 1600w, https:\/\/agora.xtec.cat\/iesmontbui\/wp-content\/uploads\/usu145\/2024\/03\/WhatsApp-Image-2024-03-13-at-14.54.04-300x169.jpeg 300w, https:\/\/agora.xtec.cat\/iesmontbui\/wp-content\/uploads\/usu145\/2024\/03\/WhatsApp-Image-2024-03-13-at-14.54.04-1024x576.jpeg 1024w, https:\/\/agora.xtec.cat\/iesmontbui\/wp-content\/uploads\/usu145\/2024\/03\/WhatsApp-Image-2024-03-13-at-14.54.04-768x432.jpeg 768w, https:\/\/agora.xtec.cat\/iesmontbui\/wp-content\/uploads\/usu145\/2024\/03\/WhatsApp-Image-2024-03-13-at-14.54.04-1536x864.jpeg 1536w\" sizes=\"auto, (max-width: 413px) 100vw, 413px\" \/><\/a><\/p>\n<p><strong>Estefan\u00eda Grado,<\/strong> responsable d&#8217;un establiment d&#8217;est\u00e8tica (Nil Mart\u00ednez i Lidia P\u00e9rez): entrevista realitzada a l&#8217;establiment.<a href=\"https:\/\/agora.xtec.cat\/iesmontbui\/portada\/8m-les-heroines-quotidianes\/attachment\/fanonyx\/\" rel=\"attachment wp-att-9641\"><img loading=\"lazy\" decoding=\"async\" class=\" wp-image-9641 aligncenter\" src=\"https:\/\/agora.xtec.cat\/iesmontbui\/wp-content\/uploads\/usu145\/2024\/03\/fanonyx.jpg\" alt=\"\" width=\"388\" height=\"228\" \/><\/a><\/p>\n<p><strong>\u00c8rika Mancebo,<\/strong> t\u00e8cnica de cultura, joventut i festes de l&#8217;<a href=\"https:\/\/www.montbui.cat\/\">Ajuntament de Montbui<\/a> (Ana Salado i Alex Vitoria)<\/p>\n<p><a href=\"https:\/\/agora.xtec.cat\/iesmontbui\/portada\/8m-les-heroines-quotidianes\/attachment\/whatsapp-image-2024-03-13-at-14-55-13-2\/\" rel=\"attachment wp-att-9629\"><img loading=\"lazy\" decoding=\"async\" class=\"wp-image-9629 aligncenter\" src=\"https:\/\/agora.xtec.cat\/iesmontbui\/wp-content\/uploads\/usu145\/2024\/03\/WhatsApp-Image-2024-03-13-at-14.55.13-1.jpeg\" alt=\"\" width=\"382\" height=\"286\" srcset=\"https:\/\/agora.xtec.cat\/iesmontbui\/wp-content\/uploads\/usu145\/2024\/03\/WhatsApp-Image-2024-03-13-at-14.55.13-1.jpeg 1600w, https:\/\/agora.xtec.cat\/iesmontbui\/wp-content\/uploads\/usu145\/2024\/03\/WhatsApp-Image-2024-03-13-at-14.55.13-1-300x225.jpeg 300w, https:\/\/agora.xtec.cat\/iesmontbui\/wp-content\/uploads\/usu145\/2024\/03\/WhatsApp-Image-2024-03-13-at-14.55.13-1-1024x768.jpeg 1024w, https:\/\/agora.xtec.cat\/iesmontbui\/wp-content\/uploads\/usu145\/2024\/03\/WhatsApp-Image-2024-03-13-at-14.55.13-1-768x576.jpeg 768w, https:\/\/agora.xtec.cat\/iesmontbui\/wp-content\/uploads\/usu145\/2024\/03\/WhatsApp-Image-2024-03-13-at-14.55.13-1-1536x1152.jpeg 1536w, https:\/\/agora.xtec.cat\/iesmontbui\/wp-content\/uploads\/usu145\/2024\/03\/WhatsApp-Image-2024-03-13-at-14.55.13-1-200x150.jpeg 200w\" sizes=\"auto, (max-width: 382px) 100vw, 382px\" \/><\/a><\/p>\n<p><strong>Maria Salazar,<\/strong> presidenta de la <a href=\"https:\/\/www.uemmontbui.com\/\">Uni\u00f3 d&#8217;Establiments de Montbui<\/a> (Hugo Mu\u00f1oz i Desir\u00e9 Polo)<\/p>\n<p><a href=\"https:\/\/agora.xtec.cat\/iesmontbui\/portada\/8m-les-heroines-quotidianes\/attachment\/whatsapp-image-2024-03-13-at-14-55-37\/\" rel=\"attachment wp-att-9632\"><img loading=\"lazy\" decoding=\"async\" class=\"wp-image-9632 aligncenter\" src=\"https:\/\/agora.xtec.cat\/iesmontbui\/wp-content\/uploads\/usu145\/2024\/03\/WhatsApp-Image-2024-03-13-at-14.55.37.jpeg\" alt=\"\" width=\"366\" height=\"274\" srcset=\"https:\/\/agora.xtec.cat\/iesmontbui\/wp-content\/uploads\/usu145\/2024\/03\/WhatsApp-Image-2024-03-13-at-14.55.37.jpeg 1600w, https:\/\/agora.xtec.cat\/iesmontbui\/wp-content\/uploads\/usu145\/2024\/03\/WhatsApp-Image-2024-03-13-at-14.55.37-300x225.jpeg 300w, https:\/\/agora.xtec.cat\/iesmontbui\/wp-content\/uploads\/usu145\/2024\/03\/WhatsApp-Image-2024-03-13-at-14.55.37-1024x768.jpeg 1024w, https:\/\/agora.xtec.cat\/iesmontbui\/wp-content\/uploads\/usu145\/2024\/03\/WhatsApp-Image-2024-03-13-at-14.55.37-768x576.jpeg 768w, https:\/\/agora.xtec.cat\/iesmontbui\/wp-content\/uploads\/usu145\/2024\/03\/WhatsApp-Image-2024-03-13-at-14.55.37-1536x1152.jpeg 1536w, https:\/\/agora.xtec.cat\/iesmontbui\/wp-content\/uploads\/usu145\/2024\/03\/WhatsApp-Image-2024-03-13-at-14.55.37-200x150.jpeg 200w\" sizes=\"auto, (max-width: 366px) 100vw, 366px\" \/><\/a><\/p>\n<p><strong>Teresa Masc\u00f3,<\/strong> antiga professora de catal\u00e0 de l&#8217;INS Montbui (Ona Bru i Quim Lope)<\/p>\n<p><a href=\"https:\/\/agora.xtec.cat\/iesmontbui\/portada\/8m-les-heroines-quotidianes\/attachment\/whatsapp-image-2024-03-13-at-14-54-30\/\" rel=\"attachment wp-att-9631\"><img loading=\"lazy\" decoding=\"async\" class=\"wp-image-9631 aligncenter\" src=\"https:\/\/agora.xtec.cat\/iesmontbui\/wp-content\/uploads\/usu145\/2024\/03\/WhatsApp-Image-2024-03-13-at-14.54.30.jpeg\" alt=\"\" width=\"440\" height=\"247\" srcset=\"https:\/\/agora.xtec.cat\/iesmontbui\/wp-content\/uploads\/usu145\/2024\/03\/WhatsApp-Image-2024-03-13-at-14.54.30.jpeg 1600w, https:\/\/agora.xtec.cat\/iesmontbui\/wp-content\/uploads\/usu145\/2024\/03\/WhatsApp-Image-2024-03-13-at-14.54.30-300x169.jpeg 300w, https:\/\/agora.xtec.cat\/iesmontbui\/wp-content\/uploads\/usu145\/2024\/03\/WhatsApp-Image-2024-03-13-at-14.54.30-1024x576.jpeg 1024w, https:\/\/agora.xtec.cat\/iesmontbui\/wp-content\/uploads\/usu145\/2024\/03\/WhatsApp-Image-2024-03-13-at-14.54.30-768x432.jpeg 768w, https:\/\/agora.xtec.cat\/iesmontbui\/wp-content\/uploads\/usu145\/2024\/03\/WhatsApp-Image-2024-03-13-at-14.54.30-1536x864.jpeg 1536w\" sizes=\"auto, (max-width: 440px) 100vw, 440px\" \/><\/a><\/p>\n<p>&nbsp;<\/p>\n<p>Despr\u00e9s de les vacances de setmana santa podreu veure publicades al web el text definitiu de les entrevistes que ha realitzat cada parella d&#8217;alumnes.<\/p>\n","protected":false},"excerpt":{"rendered":"<p>L&#8217;alumnat de tercer d&#8217;ESO E ha entrevistat, aquest dimarts 12 i dimecres 13 de mar\u00e7, a set dones de Santa Margarida de Montbui. L&#8217;objectiu de l&#8217;activitat ha estat doble: treballar de forma pr\u00e0ctica el g\u00e8nere period\u00edstic de l&#8217;entrevista, a l&#8217;assignatura de Llengua Castellana i Literatura,&hellip;  <a href=\"https:\/\/agora.xtec.cat\/iesmontbui\/portada\/8m-les-heroines-quotidianes\/\" title=\"Read 8M: Les hero\u00efnes quotidianes\">Llegeix m\u00e9s\u00bb<\/a><\/p>\n","protected":false},"author":66,"featured_media":9628,"comment_status":"open","ping_status":"closed","sticky":false,"template":"","format":"standard","meta":{"_bbp_topic_count":0,"_bbp_reply_count":0,"_bbp_total_topic_count":0,"_bbp_total_reply_count":0,"_bbp_voice_count":0,"_bbp_anonymous_reply_count":0,"_bbp_topic_count_hidden":0,"_bbp_reply_count_hidden":0,"_bbp_forum_subforum_count":0,"footnotes":""},"categories":[347,125,351,29],"tags":[642,662,653,652,658,657,481,413,655,659,656,654,661,660],"class_list":["post-9615","post","type-post","status-publish","format-standard","has-post-thumbnail","hentry","category-8marc","category-depllengues","category-eso-3e","category-portada","tag-8m2024","tag-ajuntament-de-santa-margarida-de-montbui","tag-dones-montbui","tag-entrevistes","tag-erika-mancebo","tag-estefania-grado","tag-la-veu-de-lanoia","tag-llengua-castellana-i-literatura","tag-lluisa-bravo","tag-maria-salazar","tag-montse-fajardo","tag-noelia-garcia","tag-teresa-masco","tag-unio-destabliments-de-montbui"],"post_mailing_queue_ids":[],"_links":{"self":[{"href":"https:\/\/agora.xtec.cat\/iesmontbui\/wp-json\/wp\/v2\/posts\/9615","targetHints":{"allow":["GET"]}}],"collection":[{"href":"https:\/\/agora.xtec.cat\/iesmontbui\/wp-json\/wp\/v2\/posts"}],"about":[{"href":"https:\/\/agora.xtec.cat\/iesmontbui\/wp-json\/wp\/v2\/types\/post"}],"author":[{"embeddable":true,"href":"https:\/\/agora.xtec.cat\/iesmontbui\/wp-json\/wp\/v2\/users\/66"}],"replies":[{"embeddable":true,"href":"https:\/\/agora.xtec.cat\/iesmontbui\/wp-json\/wp\/v2\/comments?post=9615"}],"version-history":[{"count":6,"href":"https:\/\/agora.xtec.cat\/iesmontbui\/wp-json\/wp\/v2\/posts\/9615\/revisions"}],"predecessor-version":[{"id":9642,"href":"https:\/\/agora.xtec.cat\/iesmontbui\/wp-json\/wp\/v2\/posts\/9615\/revisions\/9642"}],"wp:featuredmedia":[{"embeddable":true,"href":"https:\/\/agora.xtec.cat\/iesmontbui\/wp-json\/wp\/v2\/media\/9628"}],"wp:attachment":[{"href":"https:\/\/agora.xtec.cat\/iesmontbui\/wp-json\/wp\/v2\/media?parent=9615"}],"wp:term":[{"taxonomy":"category","embeddable":true,"href":"https:\/\/agora.xtec.cat\/iesmontbui\/wp-json\/wp\/v2\/categories?post=9615"},{"taxonomy":"post_tag","embeddable":true,"href":"https:\/\/agora.xtec.cat\/iesmontbui\/wp-json\/wp\/v2\/tags?post=9615"}],"curies":[{"name":"wp","href":"https:\/\/api.w.org\/{rel}","templated":true}]}}