{"id":9582,"date":"2024-03-11T12:54:21","date_gmt":"2024-03-11T11:54:21","guid":{"rendered":"https:\/\/agora.xtec.cat\/iesmontbui\/?p=9582"},"modified":"2024-03-12T13:11:29","modified_gmt":"2024-03-12T12:11:29","slug":"sabries-resoldre-els-enigmes-matematics","status":"publish","type":"post","link":"https:\/\/agora.xtec.cat\/iesmontbui\/portada\/sabries-resoldre-els-enigmes-matematics\/","title":{"rendered":"Sabries resoldre els enigmes matem\u00e0tics?"},"content":{"rendered":"<p dir=\"ltr\">Amb motiu del <a href=\"https:\/\/www.curiositats.cat\/14-de-marc-dia-de-les-matematiques\/\">dia internacional de les Matem\u00e0tiques,<\/a> que se celebra el 14 de mar\u00e7, el <strong>departament de Matem\u00e0tiques i Economia<\/strong> ha preparat dues activitats. D&#8217;una banda, una <strong>gimcana matem\u00e0tica<\/strong> al centre dirigida a l&#8217;alumnat. Una activitat en qu\u00e8 els nois i noies buscaran uns codis QR per l\u2019institut i posteriorment resoldran els enigmes i activitats plantejats al pati de sorra o al jardinet del davant. Cada grup ho dur\u00e0 a terme en una hora de classe de matem\u00e0tiques entre l&#8217;11 i el 15 de Mar\u00e7.<\/p>\n<p dir=\"ltr\">D&#8217;altra banda, uns enigmes per a tothom que vulgui participar, que es publicaran a l&#8217;<a href=\"https:\/\/www.instagram.com\/\">Instagram<\/a> del centre durant aquesta setmana.<\/p>\n<p dir=\"ltr\">\n","protected":false},"excerpt":{"rendered":"<p>Amb motiu del <a href=\"https:\/\/www.curiositats.cat\/14-de-marc-dia-de-les-matematiques\/\">dia internacional de les Matem\u00e0tiques,<\/a> que se celebra el 14 de mar\u00e7, el departament de Matem\u00e0tiques i Economia ha preparat dues activitats. D&#8217;una banda, una gimcana matem\u00e0tica al centre dirigida a l&#8217;alumnat. Una activitat en qu\u00e8 els nois i noies buscaran&hellip;  <a href=\"https:\/\/agora.xtec.cat\/iesmontbui\/portada\/sabries-resoldre-els-enigmes-matematics\/\" title=\"Read Sabries resoldre els enigmes matem\u00e0tics?\">Llegeix m\u00e9s\u00bb<\/a><\/p>\n","protected":false},"author":66,"featured_media":9590,"comment_status":"open","ping_status":"closed","sticky":false,"template":"","format":"standard","meta":{"_bbp_topic_count":0,"_bbp_reply_count":0,"_bbp_total_topic_count":0,"_bbp_total_reply_count":0,"_bbp_voice_count":0,"_bbp_anonymous_reply_count":0,"_bbp_topic_count_hidden":0,"_bbp_reply_count_hidden":0,"_bbp_forum_subforum_count":0,"footnotes":""},"categories":[119,62,29],"tags":[643,644,645,646],"class_list":["post-9582","post","type-post","status-publish","format-standard","has-post-thumbnail","hentry","category-depmates","category-orgacentre","category-portada","tag-dia-internacional-de-les-matematiques","tag-enigmes-matematics","tag-gimcana-matematica","tag-gimcana-matematica-ins-montbui"],"post_mailing_queue_ids":[],"_links":{"self":[{"href":"https:\/\/agora.xtec.cat\/iesmontbui\/wp-json\/wp\/v2\/posts\/9582","targetHints":{"allow":["GET"]}}],"collection":[{"href":"https:\/\/agora.xtec.cat\/iesmontbui\/wp-json\/wp\/v2\/posts"}],"about":[{"href":"https:\/\/agora.xtec.cat\/iesmontbui\/wp-json\/wp\/v2\/types\/post"}],"author":[{"embeddable":true,"href":"https:\/\/agora.xtec.cat\/iesmontbui\/wp-json\/wp\/v2\/users\/66"}],"replies":[{"embeddable":true,"href":"https:\/\/agora.xtec.cat\/iesmontbui\/wp-json\/wp\/v2\/comments?post=9582"}],"version-history":[{"count":6,"href":"https:\/\/agora.xtec.cat\/iesmontbui\/wp-json\/wp\/v2\/posts\/9582\/revisions"}],"predecessor-version":[{"id":9598,"href":"https:\/\/agora.xtec.cat\/iesmontbui\/wp-json\/wp\/v2\/posts\/9582\/revisions\/9598"}],"wp:featuredmedia":[{"embeddable":true,"href":"https:\/\/agora.xtec.cat\/iesmontbui\/wp-json\/wp\/v2\/media\/9590"}],"wp:attachment":[{"href":"https:\/\/agora.xtec.cat\/iesmontbui\/wp-json\/wp\/v2\/media?parent=9582"}],"wp:term":[{"taxonomy":"category","embeddable":true,"href":"https:\/\/agora.xtec.cat\/iesmontbui\/wp-json\/wp\/v2\/categories?post=9582"},{"taxonomy":"post_tag","embeddable":true,"href":"https:\/\/agora.xtec.cat\/iesmontbui\/wp-json\/wp\/v2\/tags?post=9582"}],"curies":[{"name":"wp","href":"https:\/\/api.w.org\/{rel}","templated":true}]}}