{"id":9574,"date":"2024-03-08T10:54:54","date_gmt":"2024-03-08T09:54:54","guid":{"rendered":"https:\/\/agora.xtec.cat\/iesmontbui\/?p=9574"},"modified":"2024-03-08T11:02:23","modified_gmt":"2024-03-08T10:02:23","slug":"barcelonada-2024-lins-montbui-a-la-gimcana-digital","status":"publish","type":"post","link":"https:\/\/agora.xtec.cat\/iesmontbui\/batxillerat\/barcelonada-2024-lins-montbui-a-la-gimcana-digital\/","title":{"rendered":"Barcelonada 2024: l&#8217;INS Montbui a la gimcana digital"},"content":{"rendered":"<p>L&#8217;alumnat de primer de Batxillerat ha participat, aquest dijous 7 de mar\u00e7,a la Barcelonada. Es tracta d&#8217;una activitat organitzada per LaceNet dins la setmana del <strong>Mobile World Congress<\/strong> que consisteix en una <strong>gimcana digital<\/strong> pels carrers de Barcelona.<\/p>\n<p>L&#8217;alumnat, en grups de 4 o 5 membres, ha hagut de localitzar punts d&#8217;inter\u00e8s de la ciutat comtal tot combinant els mitjans cl\u00e0ssics (targetes, mapes\u2026) amb l\u2019\u00fas del m\u00f2bil (internet, geolocalitzaci\u00f3, codis QR, realitat augmentada\u2026), creant l&#8217;itinerari a seguir i fent diferents proves en cada punt.<\/p>\n<p>Algunes d&#8217;activitats realitzades pels diferents grups han estat la foto matem\u00e0tica a l&#8217;Estaci\u00f3 de Fran\u00e7a, fotografia lliure, bookface, v\u00eddeo entrevista sobre els JJOO i recreaci\u00f3 d&#8217;una cita liter\u00e0ria.<\/p>\n<p>Podeu fer un cop a l&#8217;Instagram que cada grup d&#8217;alumnes ha creat per aquesta activitat espec\u00edfica, amb el nom d&#8217;usuari @insmontbui seguit del n\u00famero de grup, per exemple &#8220;insmontbui01&#8221;.<\/p>\n","protected":false},"excerpt":{"rendered":"<p>L&#8217;alumnat de primer de Batxillerat ha participat, aquest dijous 7 de mar\u00e7,a la Barcelonada. Es tracta d&#8217;una activitat organitzada per LaceNet dins la setmana del Mobile World Congress que consisteix en una gimcana digital pels carrers de Barcelona.<br \/>\nL&#8217;alumnat, en grups de 4 o 5 membres,&hellip;  <a href=\"https:\/\/agora.xtec.cat\/iesmontbui\/batxillerat\/barcelonada-2024-lins-montbui-a-la-gimcana-digital\/\" title=\"Read Barcelonada 2024: l&#8217;INS Montbui a la gimcana digital\">Llegeix m\u00e9s\u00bb<\/a><\/p>\n","protected":false},"author":66,"featured_media":9575,"comment_status":"open","ping_status":"closed","sticky":false,"template":"","format":"standard","meta":{"_bbp_topic_count":0,"_bbp_reply_count":0,"_bbp_total_topic_count":0,"_bbp_total_reply_count":0,"_bbp_voice_count":0,"_bbp_anonymous_reply_count":0,"_bbp_topic_count_hidden":0,"_bbp_reply_count_hidden":0,"_bbp_forum_subforum_count":0,"footnotes":""},"categories":[67,8,29],"tags":[275,637,638,639],"class_list":["post-9574","post","type-post","status-publish","format-standard","has-post-thumbnail","hentry","category-batx-1","category-batxillerat","category-portada","tag-barcelonada","tag-barcelonada-2024","tag-gimcana-digital","tag-mobile-world-congress"],"post_mailing_queue_ids":[],"_links":{"self":[{"href":"https:\/\/agora.xtec.cat\/iesmontbui\/wp-json\/wp\/v2\/posts\/9574","targetHints":{"allow":["GET"]}}],"collection":[{"href":"https:\/\/agora.xtec.cat\/iesmontbui\/wp-json\/wp\/v2\/posts"}],"about":[{"href":"https:\/\/agora.xtec.cat\/iesmontbui\/wp-json\/wp\/v2\/types\/post"}],"author":[{"embeddable":true,"href":"https:\/\/agora.xtec.cat\/iesmontbui\/wp-json\/wp\/v2\/users\/66"}],"replies":[{"embeddable":true,"href":"https:\/\/agora.xtec.cat\/iesmontbui\/wp-json\/wp\/v2\/comments?post=9574"}],"version-history":[{"count":2,"href":"https:\/\/agora.xtec.cat\/iesmontbui\/wp-json\/wp\/v2\/posts\/9574\/revisions"}],"predecessor-version":[{"id":9577,"href":"https:\/\/agora.xtec.cat\/iesmontbui\/wp-json\/wp\/v2\/posts\/9574\/revisions\/9577"}],"wp:featuredmedia":[{"embeddable":true,"href":"https:\/\/agora.xtec.cat\/iesmontbui\/wp-json\/wp\/v2\/media\/9575"}],"wp:attachment":[{"href":"https:\/\/agora.xtec.cat\/iesmontbui\/wp-json\/wp\/v2\/media?parent=9574"}],"wp:term":[{"taxonomy":"category","embeddable":true,"href":"https:\/\/agora.xtec.cat\/iesmontbui\/wp-json\/wp\/v2\/categories?post=9574"},{"taxonomy":"post_tag","embeddable":true,"href":"https:\/\/agora.xtec.cat\/iesmontbui\/wp-json\/wp\/v2\/tags?post=9574"}],"curies":[{"name":"wp","href":"https:\/\/api.w.org\/{rel}","templated":true}]}}