{"id":9563,"date":"2024-03-08T09:32:51","date_gmt":"2024-03-08T08:32:51","guid":{"rendered":"https:\/\/agora.xtec.cat\/iesmontbui\/?p=9563"},"modified":"2024-03-08T09:41:58","modified_gmt":"2024-03-08T08:41:58","slug":"la-psicologia-de-les-neurones","status":"publish","type":"post","link":"https:\/\/agora.xtec.cat\/iesmontbui\/general\/la-psicologia-de-les-neurones\/","title":{"rendered":"La psicologia de les neurones"},"content":{"rendered":"<p>L&#8217;alumnat de primer i segon de batxillerat de la mat\u00e8ria de biologia van assistir, el passat dimarts 27 de febrer a la facultat de Psicologia de l&#8217;institut de Neuroci\u00e8ncies de la Universitat de Barcelona, ubicat al campus Mundet. All\u00e0 hi va tenir lloc una xerrada sobre el <strong>funcionament de les neurones<\/strong> i <strong>del cervell,<\/strong> enfocada a la investigaci\u00f3 en base a l&#8217;\u00fas de la t\u00e8cnica dels<strong> electroencefalogrames. <\/strong><\/p>\n<p>Els mateixos investigadors els hi van fer la xerrada, que van acompanyar d&#8217;una demostraci\u00f3 en directe, amb<strong> dos alumnes que es van deixar fer un electroencefalograma volunt\u00e0riament.<\/strong> Finalment fam fer una curta visita pel centre, i ens van ensenyar un laboratori d&#8217;investigaci\u00f3.<\/p>\n<p>Com recorda el professorat de la mat\u00e8ria, Merc\u00e8 Carta\u00f1\u00e0 i Marcel Mateu, el funcionament del cervell i les neurones \u00e9s una mat\u00e8ria que ha desaparegut del nou curr\u00edculum de biologia de batxillerat i va ser molt positiu tenir-hi acc\u00e9s amb aquesta activitat. &#8220;Els alumnes van quedar satisfets i els va agradar con\u00e8ixer el lloc on, potser alguns, estudiaran psicologia&#8221;.<\/p>\n","protected":false},"excerpt":{"rendered":"<p>L&#8217;alumnat de primer i segon de batxillerat de la mat\u00e8ria de biologia van assistir, el passat dimarts 27 de febrer a la facultat de Psicologia de l&#8217;institut de Neuroci\u00e8ncies de la Universitat de Barcelona, ubicat al campus Mundet. All\u00e0 hi va tenir lloc una xerrada&hellip;  <a href=\"https:\/\/agora.xtec.cat\/iesmontbui\/general\/la-psicologia-de-les-neurones\/\" title=\"Read La psicologia de les neurones\">Llegeix m\u00e9s\u00bb<\/a><\/p>\n","protected":false},"author":66,"featured_media":9564,"comment_status":"open","ping_status":"closed","sticky":false,"template":"","format":"standard","meta":{"_bbp_topic_count":0,"_bbp_reply_count":0,"_bbp_total_topic_count":0,"_bbp_total_reply_count":0,"_bbp_voice_count":0,"_bbp_anonymous_reply_count":0,"_bbp_topic_count_hidden":0,"_bbp_reply_count_hidden":0,"_bbp_forum_subforum_count":0,"footnotes":""},"categories":[67,68,1,29],"tags":[200,633,542],"class_list":["post-9563","post","type-post","status-publish","format-standard","has-post-thumbnail","hentry","category-batx-1","category-batx-2","category-general","category-portada","tag-biologia","tag-electroencefalogrames","tag-institut-de-neurociencies"],"post_mailing_queue_ids":[],"_links":{"self":[{"href":"https:\/\/agora.xtec.cat\/iesmontbui\/wp-json\/wp\/v2\/posts\/9563","targetHints":{"allow":["GET"]}}],"collection":[{"href":"https:\/\/agora.xtec.cat\/iesmontbui\/wp-json\/wp\/v2\/posts"}],"about":[{"href":"https:\/\/agora.xtec.cat\/iesmontbui\/wp-json\/wp\/v2\/types\/post"}],"author":[{"embeddable":true,"href":"https:\/\/agora.xtec.cat\/iesmontbui\/wp-json\/wp\/v2\/users\/66"}],"replies":[{"embeddable":true,"href":"https:\/\/agora.xtec.cat\/iesmontbui\/wp-json\/wp\/v2\/comments?post=9563"}],"version-history":[{"count":2,"href":"https:\/\/agora.xtec.cat\/iesmontbui\/wp-json\/wp\/v2\/posts\/9563\/revisions"}],"predecessor-version":[{"id":9566,"href":"https:\/\/agora.xtec.cat\/iesmontbui\/wp-json\/wp\/v2\/posts\/9563\/revisions\/9566"}],"wp:featuredmedia":[{"embeddable":true,"href":"https:\/\/agora.xtec.cat\/iesmontbui\/wp-json\/wp\/v2\/media\/9564"}],"wp:attachment":[{"href":"https:\/\/agora.xtec.cat\/iesmontbui\/wp-json\/wp\/v2\/media?parent=9563"}],"wp:term":[{"taxonomy":"category","embeddable":true,"href":"https:\/\/agora.xtec.cat\/iesmontbui\/wp-json\/wp\/v2\/categories?post=9563"},{"taxonomy":"post_tag","embeddable":true,"href":"https:\/\/agora.xtec.cat\/iesmontbui\/wp-json\/wp\/v2\/tags?post=9563"}],"curies":[{"name":"wp","href":"https:\/\/api.w.org\/{rel}","templated":true}]}}