{"id":9557,"date":"2024-03-07T10:59:00","date_gmt":"2024-03-07T09:59:00","guid":{"rendered":"https:\/\/agora.xtec.cat\/iesmontbui\/?p=9557"},"modified":"2024-03-07T10:59:18","modified_gmt":"2024-03-07T09:59:18","slug":"comunicat-vaga-de-professorat-8-de-marc","status":"publish","type":"post","link":"https:\/\/agora.xtec.cat\/iesmontbui\/portada\/comunicat-vaga-de-professorat-8-de-marc\/","title":{"rendered":"Comunicat: Vaga de professorat (8 de mar\u00e7)"},"content":{"rendered":"<p>Benvolgudes fam\u00edlies,<\/p>\n<p>Us informem que alguns sindicats d&#8217;ensenyament han convocat una vaga de professorat per aquest divendres, 8 de mar\u00e7.<\/p>\n<p>Durant les hores de classe en les quals el professorat estigui exercint el seu dret a vaga, l&#8217;alumnat estar\u00e0 vigilat, per\u00f2 no far\u00e0 classe.<\/p>\n<p>L&#8217;activitat lectiva dels docents que no s&#8217;acullin al dret a vaga es far\u00e0 sempre que els serveis m\u00ednims estiguin coberts.<\/p>\n","protected":false},"excerpt":{"rendered":"<p>Benvolgudes fam\u00edlies,<br \/>\nUs informem que alguns sindicats d&#8217;ensenyament han convocat una vaga de professorat per aquest divendres, 8 de mar\u00e7.<br \/>\nDurant les hores de classe en les quals el professorat estigui exercint el seu dret a vaga, l&#8217;alumnat estar\u00e0 vigilat, per\u00f2 no far\u00e0 classe.<br \/>\nL&#8217;activitat lectiva dels docents&hellip;  <a href=\"https:\/\/agora.xtec.cat\/iesmontbui\/portada\/comunicat-vaga-de-professorat-8-de-marc\/\" title=\"Read Comunicat: Vaga de professorat (8 de mar\u00e7)\">Llegeix m\u00e9s\u00bb<\/a><\/p>\n","protected":false},"author":66,"featured_media":9558,"comment_status":"open","ping_status":"closed","sticky":false,"template":"","format":"standard","meta":{"_bbp_topic_count":0,"_bbp_reply_count":0,"_bbp_total_topic_count":0,"_bbp_total_reply_count":0,"_bbp_voice_count":0,"_bbp_anonymous_reply_count":0,"_bbp_topic_count_hidden":0,"_bbp_reply_count_hidden":0,"_bbp_forum_subforum_count":0,"footnotes":""},"categories":[347,29],"tags":[310,630,631],"class_list":["post-9557","post","type-post","status-publish","format-standard","has-post-thumbnail","hentry","category-8marc","category-portada","tag-8-de-marc","tag-8m","tag-vaga-professorat"],"post_mailing_queue_ids":[],"_links":{"self":[{"href":"https:\/\/agora.xtec.cat\/iesmontbui\/wp-json\/wp\/v2\/posts\/9557","targetHints":{"allow":["GET"]}}],"collection":[{"href":"https:\/\/agora.xtec.cat\/iesmontbui\/wp-json\/wp\/v2\/posts"}],"about":[{"href":"https:\/\/agora.xtec.cat\/iesmontbui\/wp-json\/wp\/v2\/types\/post"}],"author":[{"embeddable":true,"href":"https:\/\/agora.xtec.cat\/iesmontbui\/wp-json\/wp\/v2\/users\/66"}],"replies":[{"embeddable":true,"href":"https:\/\/agora.xtec.cat\/iesmontbui\/wp-json\/wp\/v2\/comments?post=9557"}],"version-history":[{"count":1,"href":"https:\/\/agora.xtec.cat\/iesmontbui\/wp-json\/wp\/v2\/posts\/9557\/revisions"}],"predecessor-version":[{"id":9559,"href":"https:\/\/agora.xtec.cat\/iesmontbui\/wp-json\/wp\/v2\/posts\/9557\/revisions\/9559"}],"wp:featuredmedia":[{"embeddable":true,"href":"https:\/\/agora.xtec.cat\/iesmontbui\/wp-json\/wp\/v2\/media\/9558"}],"wp:attachment":[{"href":"https:\/\/agora.xtec.cat\/iesmontbui\/wp-json\/wp\/v2\/media?parent=9557"}],"wp:term":[{"taxonomy":"category","embeddable":true,"href":"https:\/\/agora.xtec.cat\/iesmontbui\/wp-json\/wp\/v2\/categories?post=9557"},{"taxonomy":"post_tag","embeddable":true,"href":"https:\/\/agora.xtec.cat\/iesmontbui\/wp-json\/wp\/v2\/tags?post=9557"}],"curies":[{"name":"wp","href":"https:\/\/api.w.org\/{rel}","templated":true}]}}