{"id":9482,"date":"2024-02-29T10:37:51","date_gmt":"2024-02-29T09:37:51","guid":{"rendered":"https:\/\/agora.xtec.cat\/iesmontbui\/?p=9482"},"modified":"2024-02-29T10:41:50","modified_gmt":"2024-02-29T09:41:50","slug":"febrer-el-mes-del-raper","status":"publish","type":"post","link":"https:\/\/agora.xtec.cat\/iesmontbui\/eso\/eso-2\/febrer-el-mes-del-raper\/","title":{"rendered":"Febrer, el mes del raper"},"content":{"rendered":"<p>L&#8217;alumnat de segon d&#8217;ESO ha conegut aquest mes l&#8217;<strong>Andreu Pe\u00f1a,<\/strong> cantant del grup de rap <strong>El pa de cada dia.<\/strong> Aquest ha impartit un taller de dues hores que s&#8217;ha fet a cada un dels grups d&#8217;aquest nivell, per tant, s&#8217;ha dut a terme entre el 19 i el 27 de febrer.<\/p>\n<p>L&#8217;objectiu del taller era <strong>vincular la poesia amb el rap,<\/strong> aprofundint en els coneixements de m\u00e8trica i rima que s&#8217;han impartit\u00a0 aquest trimestre des de l&#8217;assignatura de<strong> llengua catalana i literatura.<\/strong> L&#8217;estructura del taller ha sigut variada, ja que s&#8217;ha comen\u00e7at parlant dels or\u00edgens del rap i la cultura del Hip-Hop per contextualitzar all\u00f2 que es treballaria a l&#8217;activitat.<\/p>\n<p>Abans d&#8217;entrar en el rap, per\u00f2, els alumnes han pensat i cantat <strong>garrotins,<\/strong> una tipologia de poesia cantada i improvisada, amb una m\u00e8trica concreta i una rima encadenada. La part final de l&#8217;activitat s&#8217;ha destinat a escriure una <strong>can\u00e7\u00f3 col\u00b7laborativa,<\/strong> \u00e9s a dir, s&#8217;ha dividit la classe en grups i cada grup ha escrit una estrofa diferent, entre elles, la tornada. Despr\u00e9s de triar una base instrumental, els alumnes m\u00e9s valents han sortit davant dels seus companys a recitar l&#8217;estrofa del seu grup.<\/p>\n<p><strong>Vincular-ho amb el dia a dia\u00a0<\/strong><\/p>\n<p>Tant professorat com alumnat fa una &#8220;valoraci\u00f3 molt positiva&#8221; del taller, donat que &#8220;t\u00e9 molta relaci\u00f3 amb el temari explicat. \u00c9s efica\u00e7 per posar-ho en pr\u00e0ctica i vincular-ho al nostre dia a dia, ja que s&#8217;ha considerat una manera amena i divertida d&#8217;apropar la poesia als alumnes&#8221;, han explicat a la web de l&#8217;institut.<\/p>\n","protected":false},"excerpt":{"rendered":"<p>L&#8217;alumnat de segon d&#8217;ESO ha conegut aquest mes l&#8217;Andreu Pe\u00f1a, cantant del grup de rap El pa de cada dia. Aquest ha impartit un taller de dues hores que s&#8217;ha fet a cada un dels grups d&#8217;aquest nivell, per tant, s&#8217;ha dut a terme entre&hellip;  <a href=\"https:\/\/agora.xtec.cat\/iesmontbui\/eso\/eso-2\/febrer-el-mes-del-raper\/\" title=\"Read Febrer, el mes del raper\">Llegeix m\u00e9s\u00bb<\/a><\/p>\n","protected":false},"author":66,"featured_media":9483,"comment_status":"open","ping_status":"closed","sticky":false,"template":"","format":"standard","meta":{"_bbp_topic_count":0,"_bbp_reply_count":0,"_bbp_total_topic_count":0,"_bbp_total_reply_count":0,"_bbp_voice_count":0,"_bbp_anonymous_reply_count":0,"_bbp_topic_count_hidden":0,"_bbp_reply_count_hidden":0,"_bbp_forum_subforum_count":0,"footnotes":""},"categories":[125,5,29],"tags":[585,588,586,587,589,177,590,503],"class_list":["post-9482","post","type-post","status-publish","format-standard","has-post-thumbnail","hentry","category-depllengues","category-eso-2","category-portada","tag-andreu-pena","tag-canco-collaborativa","tag-el-pa-de-cada-dia","tag-garrotins","tag-llengua-catalana-i-literatura","tag-poesia","tag-rap","tag-taller-de-rap"],"post_mailing_queue_ids":[],"_links":{"self":[{"href":"https:\/\/agora.xtec.cat\/iesmontbui\/wp-json\/wp\/v2\/posts\/9482","targetHints":{"allow":["GET"]}}],"collection":[{"href":"https:\/\/agora.xtec.cat\/iesmontbui\/wp-json\/wp\/v2\/posts"}],"about":[{"href":"https:\/\/agora.xtec.cat\/iesmontbui\/wp-json\/wp\/v2\/types\/post"}],"author":[{"embeddable":true,"href":"https:\/\/agora.xtec.cat\/iesmontbui\/wp-json\/wp\/v2\/users\/66"}],"replies":[{"embeddable":true,"href":"https:\/\/agora.xtec.cat\/iesmontbui\/wp-json\/wp\/v2\/comments?post=9482"}],"version-history":[{"count":2,"href":"https:\/\/agora.xtec.cat\/iesmontbui\/wp-json\/wp\/v2\/posts\/9482\/revisions"}],"predecessor-version":[{"id":9485,"href":"https:\/\/agora.xtec.cat\/iesmontbui\/wp-json\/wp\/v2\/posts\/9482\/revisions\/9485"}],"wp:featuredmedia":[{"embeddable":true,"href":"https:\/\/agora.xtec.cat\/iesmontbui\/wp-json\/wp\/v2\/media\/9483"}],"wp:attachment":[{"href":"https:\/\/agora.xtec.cat\/iesmontbui\/wp-json\/wp\/v2\/media?parent=9482"}],"wp:term":[{"taxonomy":"category","embeddable":true,"href":"https:\/\/agora.xtec.cat\/iesmontbui\/wp-json\/wp\/v2\/categories?post=9482"},{"taxonomy":"post_tag","embeddable":true,"href":"https:\/\/agora.xtec.cat\/iesmontbui\/wp-json\/wp\/v2\/tags?post=9482"}],"curies":[{"name":"wp","href":"https:\/\/api.w.org\/{rel}","templated":true}]}}