{"id":9444,"date":"2024-03-01T15:10:33","date_gmt":"2024-03-01T14:10:33","guid":{"rendered":"https:\/\/agora.xtec.cat\/iesmontbui\/?p=9444"},"modified":"2024-03-14T14:51:33","modified_gmt":"2024-03-14T13:51:33","slug":"linstitut-prepara-diverses-accions-per-visibilitzar-el-8m","status":"publish","type":"post","link":"https:\/\/agora.xtec.cat\/iesmontbui\/general\/linstitut-prepara-diverses-accions-per-visibilitzar-el-8m\/","title":{"rendered":"L&#8217;institut prepara diverses accions per visibilitzar el 8M"},"content":{"rendered":"<p>En motiu del 8 de mar\u00e7, <strong>Dia Internacional de la dona treballadora,<\/strong> l&#8217;institut Montbui realitzar\u00e0, en el transcurs de la setmana vinent, diverses accions per visibilitzar aquesta tem\u00e0tica, coordinats des de la <strong>Comissi\u00f3 de Coeducaci\u00f3.<\/strong><\/p>\n<p><strong>Activitats d&#8217;aula\u00a0<\/strong><\/p>\n<p>Des dels diferents \u00e0mbits i en tots els nivells (ESO, Batxillerat i PFI) es realitzaran activitats a l&#8217;aula en motiu de la celebraci\u00f3 del 8M.<\/p>\n<p><strong>Cant de lluita, de Roba Estesa, versionat per la Coral\u00a0\u00a0<\/strong><\/p>\n<p>La Coral de l&#8217;institut ha realitzat la gravaci\u00f3 d&#8217;un v\u00eddeo propi de la can\u00e7\u00f3 \u201cCant de lluita\u201d de l\u2019\u00e0lbum \u201cDesgla\u00e7\u201d del grup musical del Camp de Tarragona<a href=\"https:\/\/somrobaestesa.com\/\"><strong> Roba Estesa.<\/strong> <\/a>Aquest \u00e9s el resultat:<\/p>\n<p><iframe loading=\"lazy\" src=\"https:\/\/drive.google.com\/file\/d\/1aPkHu-zsAT51tIj1BidLj2F4IGBtaOgX\/preview\" width=\"640\" height=\"480\"><\/iframe><\/p>\n<p><strong>Pe\u00e7a o accessori de color lila<\/strong><\/p>\n<p>Es demana a l\u2019alumnat, professorat i PAS que el divendres 8 de mar\u00e7 portin una pe\u00e7a o accessori de color lila.<\/p>\n<p><strong>Timbre<\/strong><\/p>\n<p>Cada dia durant la setmana del 4 al 8 de mar\u00e7 enlloc del timbre habitual sonar\u00e0 una can\u00e7\u00f3, cantada per una dona o un grup musical format per dones, a les entrades, sortides, canvis de classe, patis, etc. Dilluns 4 sonar\u00e0 &#8220;Flowers&#8221;, de Miley Cirus; dimarts 5, &#8220;La puerta violeta&#8221;, de Rozal\u00e9n; dimecres 6 &#8220;I tu, sols tu&#8221;, de El Diluvi; dijous 7, &#8220;Bizcochito&#8221;, de Rosal\u00eda i divendres 8, &#8220;I will survive&#8221;, de Gloria Gaynor.<\/p>\n","protected":false},"excerpt":{"rendered":"<p>En motiu del 8 de mar\u00e7, Dia Internacional de la dona treballadora, l&#8217;institut Montbui realitzar\u00e0, en el transcurs de la setmana vinent, diverses accions per visibilitzar aquesta tem\u00e0tica, coordinats des de la Comissi\u00f3 de Coeducaci\u00f3. Activitats d&#8217;aula\u00a0 Des dels diferents \u00e0mbits i en tots els nivells (ESO, Batxillerat i PFI) es realitzaran activitats a l&#8217;aula [&hellip;]<\/p>\n","protected":false},"author":66,"featured_media":9501,"comment_status":"open","ping_status":"closed","sticky":false,"template":"","format":"standard","meta":{"_bbp_topic_count":0,"_bbp_reply_count":0,"_bbp_total_topic_count":0,"_bbp_total_reply_count":0,"_bbp_voice_count":0,"_bbp_anonymous_reply_count":0,"_bbp_topic_count_hidden":0,"_bbp_reply_count_hidden":0,"_bbp_forum_subforum_count":0,"site-sidebar-layout":"default","site-content-layout":"","ast-site-content-layout":"","site-content-style":"default","site-sidebar-style":"default","ast-global-header-display":"","ast-banner-title-visibility":"","ast-main-header-display":"","ast-hfb-above-header-display":"","ast-hfb-below-header-display":"","ast-hfb-mobile-header-display":"","site-post-title":"","ast-breadcrumbs-content":"","ast-featured-img":"","footer-sml-layout":"","theme-transparent-header-meta":"","adv-header-id-meta":"","stick-header-meta":"","header-above-stick-meta":"","header-main-stick-meta":"","header-below-stick-meta":"","astra-migrate-meta-layouts":"default","ast-page-background-enabled":"default","ast-page-background-meta":{"desktop":{"background-color":"var(--ast-global-color-4)","background-image":"","background-repeat":"repeat","background-position":"center center","background-size":"auto","background-attachment":"scroll","background-type":"","background-media":"","overlay-type":"","overlay-color":"","overlay-opacity":"","overlay-gradient":""},"tablet":{"background-color":"","background-image":"","background-repeat":"repeat","background-position":"center center","background-size":"auto","background-attachment":"scroll","background-type":"","background-media":"","overlay-type":"","overlay-color":"","overlay-opacity":"","overlay-gradient":""},"mobile":{"background-color":"","background-image":"","background-repeat":"repeat","background-position":"center center","background-size":"auto","background-attachment":"scroll","background-type":"","background-media":"","overlay-type":"","overlay-color":"","overlay-opacity":"","overlay-gradient":""}},"ast-content-background-meta":{"desktop":{"background-color":"var(--ast-global-color-5)","background-image":"","background-repeat":"repeat","background-position":"center center","background-size":"auto","background-attachment":"scroll","background-type":"","background-media":"","overlay-type":"","overlay-color":"","overlay-opacity":"","overlay-gradient":""},"tablet":{"background-color":"var(--ast-global-color-5)","background-image":"","background-repeat":"repeat","background-position":"center center","background-size":"auto","background-attachment":"scroll","background-type":"","background-media":"","overlay-type":"","overlay-color":"","overlay-opacity":"","overlay-gradient":""},"mobile":{"background-color":"var(--ast-global-color-5)","background-image":"","background-repeat":"repeat","background-position":"center center","background-size":"auto","background-attachment":"scroll","background-type":"","background-media":"","overlay-type":"","overlay-color":"","overlay-opacity":"","overlay-gradient":""}},"footnotes":""},"categories":[347,161,1,62,29],"tags":[596,597,600,599,400,148,598,601],"class_list":["post-9444","post","type-post","status-publish","format-standard","has-post-thumbnail","hentry","category-8marc","category-coral","category-general","category-orgacentre","category-portada","tag-8m-2024","tag-8m-institut-montbui","tag-cant-de-lluita","tag-comissio-de-coeducacio","tag-comissions","tag-coral","tag-dia-internacional-de-la-dona-treballadora","tag-roba-estesa"],"post_mailing_queue_ids":[],"_links":{"self":[{"href":"https:\/\/agora.xtec.cat\/iesmontbui\/wp-json\/wp\/v2\/posts\/9444","targetHints":{"allow":["GET"]}}],"collection":[{"href":"https:\/\/agora.xtec.cat\/iesmontbui\/wp-json\/wp\/v2\/posts"}],"about":[{"href":"https:\/\/agora.xtec.cat\/iesmontbui\/wp-json\/wp\/v2\/types\/post"}],"author":[{"embeddable":true,"href":"https:\/\/agora.xtec.cat\/iesmontbui\/wp-json\/wp\/v2\/users\/66"}],"replies":[{"embeddable":true,"href":"https:\/\/agora.xtec.cat\/iesmontbui\/wp-json\/wp\/v2\/comments?post=9444"}],"version-history":[{"count":6,"href":"https:\/\/agora.xtec.cat\/iesmontbui\/wp-json\/wp\/v2\/posts\/9444\/revisions"}],"predecessor-version":[{"id":9506,"href":"https:\/\/agora.xtec.cat\/iesmontbui\/wp-json\/wp\/v2\/posts\/9444\/revisions\/9506"}],"wp:featuredmedia":[{"embeddable":true,"href":"https:\/\/agora.xtec.cat\/iesmontbui\/wp-json\/wp\/v2\/media\/9501"}],"wp:attachment":[{"href":"https:\/\/agora.xtec.cat\/iesmontbui\/wp-json\/wp\/v2\/media?parent=9444"}],"wp:term":[{"taxonomy":"category","embeddable":true,"href":"https:\/\/agora.xtec.cat\/iesmontbui\/wp-json\/wp\/v2\/categories?post=9444"},{"taxonomy":"post_tag","embeddable":true,"href":"https:\/\/agora.xtec.cat\/iesmontbui\/wp-json\/wp\/v2\/tags?post=9444"}],"curies":[{"name":"wp","href":"https:\/\/api.w.org\/{rel}","templated":true}]}}