{"id":9439,"date":"2024-02-26T16:05:42","date_gmt":"2024-02-26T15:05:42","guid":{"rendered":"https:\/\/agora.xtec.cat\/iesmontbui\/?p=9439"},"modified":"2024-02-26T16:11:51","modified_gmt":"2024-02-26T15:11:51","slug":"els-lapbooks-climatics","status":"publish","type":"post","link":"https:\/\/agora.xtec.cat\/iesmontbui\/portada\/els-lapbooks-climatics\/","title":{"rendered":"Els &#8216;lapbooks&#8217; clim\u00e0tics"},"content":{"rendered":"<p>L&#8217;alumnat de primer d&#8217;ESO D i E est\u00e0 treballant els diversos climes del m\u00f3n en la mat\u00e8ria de Geografia i Hist\u00f2ria. Han realitzat un treball cooperatiu que ha consistit en fer <em>lapbooks<\/em> per parelles amb la informaci\u00f3 de la vegetaci\u00f3 i fauna, climogrames i zones on podem trobar aquests climes. En l&#8217;Instagram del centre podeu veure un recull d&#8217;imatges.<\/p>\n","protected":false},"excerpt":{"rendered":"<p>L&#8217;alumnat de primer d&#8217;ESO D i E est\u00e0 treballant els diversos climes del m\u00f3n en la mat\u00e8ria de Geografia i Hist\u00f2ria. Han realitzat un treball cooperatiu que ha consistit en fer lapbooks per parelles amb la informaci\u00f3 de la vegetaci\u00f3 i fauna, climogrames i zones&hellip;  <a href=\"https:\/\/agora.xtec.cat\/iesmontbui\/portada\/els-lapbooks-climatics\/\" title=\"Read Els &#8216;lapbooks&#8217; clim\u00e0tics\">Llegeix m\u00e9s\u00bb<\/a><\/p>\n","protected":false},"author":66,"featured_media":9440,"comment_status":"open","ping_status":"closed","sticky":false,"template":"","format":"standard","meta":{"_bbp_topic_count":0,"_bbp_reply_count":0,"_bbp_total_topic_count":0,"_bbp_total_reply_count":0,"_bbp_voice_count":0,"_bbp_anonymous_reply_count":0,"_bbp_topic_count_hidden":0,"_bbp_reply_count_hidden":0,"_bbp_forum_subforum_count":0,"footnotes":""},"categories":[185,186,29],"tags":[574,573,572],"class_list":["post-9439","post","type-post","status-publish","format-standard","has-post-thumbnail","hentry","category-eso-1d","category-eso-1e","category-portada","tag-climes","tag-geografia-i-historia","tag-lapbooks"],"post_mailing_queue_ids":[],"_links":{"self":[{"href":"https:\/\/agora.xtec.cat\/iesmontbui\/wp-json\/wp\/v2\/posts\/9439","targetHints":{"allow":["GET"]}}],"collection":[{"href":"https:\/\/agora.xtec.cat\/iesmontbui\/wp-json\/wp\/v2\/posts"}],"about":[{"href":"https:\/\/agora.xtec.cat\/iesmontbui\/wp-json\/wp\/v2\/types\/post"}],"author":[{"embeddable":true,"href":"https:\/\/agora.xtec.cat\/iesmontbui\/wp-json\/wp\/v2\/users\/66"}],"replies":[{"embeddable":true,"href":"https:\/\/agora.xtec.cat\/iesmontbui\/wp-json\/wp\/v2\/comments?post=9439"}],"version-history":[{"count":2,"href":"https:\/\/agora.xtec.cat\/iesmontbui\/wp-json\/wp\/v2\/posts\/9439\/revisions"}],"predecessor-version":[{"id":9442,"href":"https:\/\/agora.xtec.cat\/iesmontbui\/wp-json\/wp\/v2\/posts\/9439\/revisions\/9442"}],"wp:featuredmedia":[{"embeddable":true,"href":"https:\/\/agora.xtec.cat\/iesmontbui\/wp-json\/wp\/v2\/media\/9440"}],"wp:attachment":[{"href":"https:\/\/agora.xtec.cat\/iesmontbui\/wp-json\/wp\/v2\/media?parent=9439"}],"wp:term":[{"taxonomy":"category","embeddable":true,"href":"https:\/\/agora.xtec.cat\/iesmontbui\/wp-json\/wp\/v2\/categories?post=9439"},{"taxonomy":"post_tag","embeddable":true,"href":"https:\/\/agora.xtec.cat\/iesmontbui\/wp-json\/wp\/v2\/tags?post=9439"}],"curies":[{"name":"wp","href":"https:\/\/api.w.org\/{rel}","templated":true}]}}