{"id":9421,"date":"2024-02-23T17:53:26","date_gmt":"2024-02-23T16:53:26","guid":{"rendered":"https:\/\/agora.xtec.cat\/iesmontbui\/?p=9421"},"modified":"2024-02-23T18:00:33","modified_gmt":"2024-02-23T17:00:33","slug":"cronica-dun-planeta-fantastic","status":"publish","type":"post","link":"https:\/\/agora.xtec.cat\/iesmontbui\/general\/cronica-dun-planeta-fantastic\/","title":{"rendered":"Cr\u00f2nica d&#8217;un &#8216;Planeta fant\u00e0stic&#8217;"},"content":{"rendered":"<p>L&#8217;alumnat de primer de Batxillerat va assistir el passat dimecres 21 de febrer a la facultat de filosofia de la Universitat de Barcelona, on es va projectar la pel\u00b7l\u00edcula <strong>El planeta fant\u00e0stic<\/strong> (t\u00edtol original en franc\u00e8s: La Plan\u00e8te sauvage\u201d). \u00c9s un film d&#8217;animaci\u00f3 per a adults dirigit per Ren\u00e9 Laloux, estrenat l&#8217;any 1973 i doblat al catal\u00e0.<\/p>\n<p>Aquestes s\u00f3n algunes de les impressions que han extret del visionat, segons han explicat <strong>l&#8217;Helena Muntada i el Xavi -alumnes de 1r BAT A<\/strong>&#8211; al web de l&#8217;institut:<\/p>\n<p>1. Es poden extrapolar diversos missatges que estan presents en la societat d\u2019avui en dia: hi ha gent que refusa el coneixement per tal de viure ells feli\u00e7os, per\u00f2 tamb\u00e9 altres que creuen que el coneixement \u00e9s el m\u00e8tode per avan\u00e7ar com a societat i \u00e9s tamb\u00e9 la nostra salvaci\u00f3; aix\u00f2 es veu reflectit en el mite de la caverna que explica Plat\u00f3.<\/p>\n<p>2. En aquest film veiem tamb\u00e9 com, fora de la societat humanitzada, les accions que els animals fan no tenen un perqu\u00e8 raonat a darrere, a part de la cruel i despiadada depredaci\u00f3, que els humans hem apr\u00e8s a regularitzar.<\/p>\n<p>3. Es pot veure tamb\u00e9 una cr\u00edtica a la societat, ja que els humans tendeixen a menysprear les altres esp\u00e8cies, tot i que a la pel\u00b7l\u00edcula son els mateixos humans els menyspreats, crean aix\u00ed aquesta contraposici\u00f3.<\/p>\n<p>4. De manera impl\u00edcita es pot veure com quan el poble s\u2019uneix, aquest pot acomplir tot all\u00f2 que els humans per si sols no poden.<\/p>\n<p><strong>Vida universit\u00e0ria\u00a0<\/strong><\/p>\n<p>D\u2019altra banda, al finalitzar el film es va dur a terme un cinef\u00f2rum. A m\u00e9s, l&#8217;alumnat va disposar de l&#8217;oportunitat de poder visitar les instal\u00b7lacions de la universitat, un petit tast del que \u00e9s la vida universit\u00e0ria.<\/p>\n","protected":false},"excerpt":{"rendered":"<p>L&#8217;alumnat de primer de Batxillerat va assistir el passat dimecres 21 de febrer a la facultat de filosofia de la Universitat de Barcelona, on es va projectar la pel\u00b7l\u00edcula El planeta fant\u00e0stic (t\u00edtol original en franc\u00e8s: La Plan\u00e8te sauvage\u201d). \u00c9s un film d&#8217;animaci\u00f3 per a&hellip;  <a href=\"https:\/\/agora.xtec.cat\/iesmontbui\/general\/cronica-dun-planeta-fantastic\/\" title=\"Read Cr\u00f2nica d&#8217;un &#8216;Planeta fant\u00e0stic&#8217;\">Llegeix m\u00e9s\u00bb<\/a><\/p>\n","protected":false},"author":66,"featured_media":9423,"comment_status":"open","ping_status":"closed","sticky":false,"template":"","format":"standard","meta":{"_bbp_topic_count":0,"_bbp_reply_count":0,"_bbp_total_topic_count":0,"_bbp_total_reply_count":0,"_bbp_voice_count":0,"_bbp_anonymous_reply_count":0,"_bbp_topic_count_hidden":0,"_bbp_reply_count_hidden":0,"_bbp_forum_subforum_count":0,"footnotes":""},"categories":[67,8,1,29],"tags":[524,570,280,571,39,543],"class_list":["post-9421","post","type-post","status-publish","format-standard","has-post-thumbnail","hentry","category-batx-1","category-batxillerat","category-general","category-portada","tag-cinema-i-filosofia","tag-el-planeta-fantastic","tag-filosofia","tag-helena-muntada","tag-sortides","tag-universitat-de-barcelona"],"post_mailing_queue_ids":[],"_links":{"self":[{"href":"https:\/\/agora.xtec.cat\/iesmontbui\/wp-json\/wp\/v2\/posts\/9421","targetHints":{"allow":["GET"]}}],"collection":[{"href":"https:\/\/agora.xtec.cat\/iesmontbui\/wp-json\/wp\/v2\/posts"}],"about":[{"href":"https:\/\/agora.xtec.cat\/iesmontbui\/wp-json\/wp\/v2\/types\/post"}],"author":[{"embeddable":true,"href":"https:\/\/agora.xtec.cat\/iesmontbui\/wp-json\/wp\/v2\/users\/66"}],"replies":[{"embeddable":true,"href":"https:\/\/agora.xtec.cat\/iesmontbui\/wp-json\/wp\/v2\/comments?post=9421"}],"version-history":[{"count":4,"href":"https:\/\/agora.xtec.cat\/iesmontbui\/wp-json\/wp\/v2\/posts\/9421\/revisions"}],"predecessor-version":[{"id":9426,"href":"https:\/\/agora.xtec.cat\/iesmontbui\/wp-json\/wp\/v2\/posts\/9421\/revisions\/9426"}],"wp:featuredmedia":[{"embeddable":true,"href":"https:\/\/agora.xtec.cat\/iesmontbui\/wp-json\/wp\/v2\/media\/9423"}],"wp:attachment":[{"href":"https:\/\/agora.xtec.cat\/iesmontbui\/wp-json\/wp\/v2\/media?parent=9421"}],"wp:term":[{"taxonomy":"category","embeddable":true,"href":"https:\/\/agora.xtec.cat\/iesmontbui\/wp-json\/wp\/v2\/categories?post=9421"},{"taxonomy":"post_tag","embeddable":true,"href":"https:\/\/agora.xtec.cat\/iesmontbui\/wp-json\/wp\/v2\/tags?post=9421"}],"curies":[{"name":"wp","href":"https:\/\/api.w.org\/{rel}","templated":true}]}}