{"id":9418,"date":"2024-02-23T08:44:43","date_gmt":"2024-02-23T07:44:43","guid":{"rendered":"https:\/\/agora.xtec.cat\/iesmontbui\/?p=9418"},"modified":"2024-02-23T08:48:30","modified_gmt":"2024-02-23T07:48:30","slug":"sortida-igualada-medieval-i-moderna-29-de-febrer","status":"publish","type":"post","link":"https:\/\/agora.xtec.cat\/iesmontbui\/portada\/sortida-igualada-medieval-i-moderna-29-de-febrer\/","title":{"rendered":"Sortida Igualada Medieval i Moderna (29 de febrer)"},"content":{"rendered":"<p>Benvolgudes fam\u00edlies,<\/p>\n<p>L&#8217;alumnat d\u2019<strong>Aula d\u2019Acollida<\/strong> dur\u00e0 a terme una sortida el proper dijous, 29 de febrer. El prop\u00f2sit ser\u00e0 el de descobrir els or\u00edgens de la Igualada Medieval i el seu desenvolupament urb\u00e0 al llarg de la hist\u00f2ria.<\/p>\n<p>Aquesta activitat est\u00e0 plantejada, de manera cooperativa, amb l\u2019Aula d\u2019Acollida de l\u2019Institut Pere Vives d\u2019Igualada. En conseq\u00fc\u00e8ncia, l&#8217;alumnat dels nostres instituts podran compartir una agradable experi\u00e8ncia descobrint la nostra hist\u00f2ria i fent noves amistats.<\/p>\n<p>El recorregut planificat per aquesta sortida ens portar\u00e0 per la <strong>Font de la Carota, el Barri del Rec, la Pla\u00e7a de la Creu, la Pla\u00e7a de l\u2019Ajuntament, la Pla\u00e7a Pius XII i les antigues muralles medievals d\u2019Igualada.<\/strong><\/p>\n","protected":false},"excerpt":{"rendered":"<p>Benvolgudes fam\u00edlies,<br \/>\nL&#8217;alumnat d\u2019Aula d\u2019Acollida dur\u00e0 a terme una sortida el proper dijous, 29 de febrer. El prop\u00f2sit ser\u00e0 el de descobrir els or\u00edgens de la Igualada Medieval i el seu desenvolupament urb\u00e0 al llarg de la hist\u00f2ria.<br \/>\nAquesta activitat est\u00e0 plantejada, de manera cooperativa, amb l\u2019Aula&hellip;  <a href=\"https:\/\/agora.xtec.cat\/iesmontbui\/portada\/sortida-igualada-medieval-i-moderna-29-de-febrer\/\" title=\"Read Sortida Igualada Medieval i Moderna (29 de febrer)\">Llegeix m\u00e9s\u00bb<\/a><\/p>\n","protected":false},"author":66,"featured_media":9419,"comment_status":"open","ping_status":"closed","sticky":false,"template":"","format":"standard","meta":{"_bbp_topic_count":0,"_bbp_reply_count":0,"_bbp_total_topic_count":0,"_bbp_total_reply_count":0,"_bbp_voice_count":0,"_bbp_anonymous_reply_count":0,"_bbp_topic_count_hidden":0,"_bbp_reply_count_hidden":0,"_bbp_forum_subforum_count":0,"footnotes":""},"categories":[569,98,29],"tags":[435,256,453,39],"class_list":["post-9418","post","type-post","status-publish","format-standard","has-post-thumbnail","hentry","category-aula-dacollida","category-comunicats","category-portada","tag-aula-dacollida","tag-igualada","tag-igualada-medieval","tag-sortides"],"post_mailing_queue_ids":[],"_links":{"self":[{"href":"https:\/\/agora.xtec.cat\/iesmontbui\/wp-json\/wp\/v2\/posts\/9418","targetHints":{"allow":["GET"]}}],"collection":[{"href":"https:\/\/agora.xtec.cat\/iesmontbui\/wp-json\/wp\/v2\/posts"}],"about":[{"href":"https:\/\/agora.xtec.cat\/iesmontbui\/wp-json\/wp\/v2\/types\/post"}],"author":[{"embeddable":true,"href":"https:\/\/agora.xtec.cat\/iesmontbui\/wp-json\/wp\/v2\/users\/66"}],"replies":[{"embeddable":true,"href":"https:\/\/agora.xtec.cat\/iesmontbui\/wp-json\/wp\/v2\/comments?post=9418"}],"version-history":[{"count":1,"href":"https:\/\/agora.xtec.cat\/iesmontbui\/wp-json\/wp\/v2\/posts\/9418\/revisions"}],"predecessor-version":[{"id":9420,"href":"https:\/\/agora.xtec.cat\/iesmontbui\/wp-json\/wp\/v2\/posts\/9418\/revisions\/9420"}],"wp:featuredmedia":[{"embeddable":true,"href":"https:\/\/agora.xtec.cat\/iesmontbui\/wp-json\/wp\/v2\/media\/9419"}],"wp:attachment":[{"href":"https:\/\/agora.xtec.cat\/iesmontbui\/wp-json\/wp\/v2\/media?parent=9418"}],"wp:term":[{"taxonomy":"category","embeddable":true,"href":"https:\/\/agora.xtec.cat\/iesmontbui\/wp-json\/wp\/v2\/categories?post=9418"},{"taxonomy":"post_tag","embeddable":true,"href":"https:\/\/agora.xtec.cat\/iesmontbui\/wp-json\/wp\/v2\/tags?post=9418"}],"curies":[{"name":"wp","href":"https:\/\/api.w.org\/{rel}","templated":true}]}}