{"id":9389,"date":"2024-02-19T20:26:17","date_gmt":"2024-02-19T19:26:17","guid":{"rendered":"https:\/\/agora.xtec.cat\/iesmontbui\/?p=9389"},"modified":"2024-02-19T20:26:17","modified_gmt":"2024-02-19T19:26:17","slug":"lenginy-olimpic-de-tres-alumnes-de-linstitut","status":"publish","type":"post","link":"https:\/\/agora.xtec.cat\/iesmontbui\/eso\/eso-1\/lenginy-olimpic-de-tres-alumnes-de-linstitut\/","title":{"rendered":"L&#8217;enginy ol\u00edmpic de tres alumnes de l&#8217;institut"},"content":{"rendered":"<p>L&#8217;Aleth, la Maria i la Lucia, alumnes de primer d&#8217;ESO C, prendran part en la IV Olimp\u00edada <strong>&#8220;Enginyeria en l&#8217;edificaci\u00f3: construint amb enginy&#8221;,<\/strong> organitzada per l&#8217;Escola Polit\u00e8cnica Superior d&#8217;Edificaci\u00f3 de Barcelona. Des del passat mes de gener, les noies hi estan posant fil a l&#8217;agulla i, cada dilluns a la tarda, duen a terme <em>in situ<\/em> <strong>una an\u00e0lisi <\/strong>i <strong>l&#8217;elaboraci\u00f3 d&#8217;una proposta de reforma parcial de l&#8217;edifici de l&#8217;institut.\u00a0<\/strong>Tot i tractar-se d&#8217;un cas hipot\u00e8tic per presentar al certamen, el cert \u00e9s que estan treballant amb mesures reals, per fer la seva proposta el m\u00e9s versemblant possible.<\/p>\n<p><strong>Objectiu: 12 d&#8217;abril\u00a0<\/strong><\/p>\n<p>Les alumnes encaren la recta final del seu treball, amb vistes al <strong>12 d&#8217;abril,<\/strong> quan entregaran el seu treball i restaran a l&#8217;espera de les classificacions. L&#8217;objectiu d&#8217;aquest concurs es la promoci\u00f3 de la cultura cient\u00edfica, de la tecnologia i de la innovaci\u00f3 entre l&#8217;alumnat de l&#8217;ESO. D&#8217;aquesta manera, es volen despertar vocacions entre els escolars per l&#8217;\u00e0mbit tecnol\u00f2gic i enginyer.<\/p>\n<p>A l&#8217;Instagram podeu veure com les noies prenen les primeres mesures i elaboren els nous pl\u00e0nols.<\/p>\n<p>M\u00e9s informaci\u00f3 sobre les Olimp\u00edades en aquest enlla\u00e7:<\/p>\n<p><a href=\"https:\/\/epseb.upc.edu\/ca\/estudis\/gate\/olimpiada-codatie\">https:\/\/epseb.upc.edu\/ca\/estudis\/gate\/olimpiada-codatie\u00a0<\/a><\/p>\n","protected":false},"excerpt":{"rendered":"<p>L&#8217;Aleth, la Maria i la Lucia, alumnes de primer d&#8217;ESO C, prendran part en la IV Olimp\u00edada &#8220;Enginyeria en l&#8217;edificaci\u00f3: construint amb enginy&#8221;, organitzada per l&#8217;Escola Polit\u00e8cnica Superior d&#8217;Edificaci\u00f3 de Barcelona. Des del passat mes de gener, les noies hi estan posant fil a l&#8217;agulla&hellip;  <a href=\"https:\/\/agora.xtec.cat\/iesmontbui\/eso\/eso-1\/lenginy-olimpic-de-tres-alumnes-de-linstitut\/\" title=\"Read L&#8217;enginy ol\u00edmpic de tres alumnes de l&#8217;institut\">Llegeix m\u00e9s\u00bb<\/a><\/p>\n","protected":false},"author":66,"featured_media":9392,"comment_status":"open","ping_status":"closed","sticky":false,"template":"","format":"standard","meta":{"_bbp_topic_count":0,"_bbp_reply_count":0,"_bbp_total_topic_count":0,"_bbp_total_reply_count":0,"_bbp_voice_count":0,"_bbp_anonymous_reply_count":0,"_bbp_topic_count_hidden":0,"_bbp_reply_count_hidden":0,"_bbp_forum_subforum_count":0,"footnotes":""},"categories":[4,11,29],"tags":[556,555],"class_list":["post-9389","post","type-post","status-publish","format-standard","has-post-thumbnail","hentry","category-eso-1","category-eso-1c","category-portada","tag-escola-politecnica-superior-dedificacio-de-barcelona","tag-iv-olimpiada-enginyeria-en-ledificacio-construint-amb-enginy"],"post_mailing_queue_ids":[],"_links":{"self":[{"href":"https:\/\/agora.xtec.cat\/iesmontbui\/wp-json\/wp\/v2\/posts\/9389","targetHints":{"allow":["GET"]}}],"collection":[{"href":"https:\/\/agora.xtec.cat\/iesmontbui\/wp-json\/wp\/v2\/posts"}],"about":[{"href":"https:\/\/agora.xtec.cat\/iesmontbui\/wp-json\/wp\/v2\/types\/post"}],"author":[{"embeddable":true,"href":"https:\/\/agora.xtec.cat\/iesmontbui\/wp-json\/wp\/v2\/users\/66"}],"replies":[{"embeddable":true,"href":"https:\/\/agora.xtec.cat\/iesmontbui\/wp-json\/wp\/v2\/comments?post=9389"}],"version-history":[{"count":1,"href":"https:\/\/agora.xtec.cat\/iesmontbui\/wp-json\/wp\/v2\/posts\/9389\/revisions"}],"predecessor-version":[{"id":9393,"href":"https:\/\/agora.xtec.cat\/iesmontbui\/wp-json\/wp\/v2\/posts\/9389\/revisions\/9393"}],"wp:featuredmedia":[{"embeddable":true,"href":"https:\/\/agora.xtec.cat\/iesmontbui\/wp-json\/wp\/v2\/media\/9392"}],"wp:attachment":[{"href":"https:\/\/agora.xtec.cat\/iesmontbui\/wp-json\/wp\/v2\/media?parent=9389"}],"wp:term":[{"taxonomy":"category","embeddable":true,"href":"https:\/\/agora.xtec.cat\/iesmontbui\/wp-json\/wp\/v2\/categories?post=9389"},{"taxonomy":"post_tag","embeddable":true,"href":"https:\/\/agora.xtec.cat\/iesmontbui\/wp-json\/wp\/v2\/tags?post=9389"}],"curies":[{"name":"wp","href":"https:\/\/api.w.org\/{rel}","templated":true}]}}