{"id":9380,"date":"2024-02-19T08:51:48","date_gmt":"2024-02-19T07:51:48","guid":{"rendered":"https:\/\/agora.xtec.cat\/iesmontbui\/?p=9380"},"modified":"2024-02-19T08:51:48","modified_gmt":"2024-02-19T07:51:48","slug":"esferificacio","status":"publish","type":"post","link":"https:\/\/agora.xtec.cat\/iesmontbui\/eso\/eso-3\/esferificacio\/","title":{"rendered":"Esferificaci\u00f3!"},"content":{"rendered":"<p dir=\"ltr\">L&#8217;alumnat de 3r d\u2019ESO van assistir, el passat dijous, al<a href=\"https:\/\/fundesplai.org\/\"> Fundesplai<\/a> del Prat de Llobregat a fer un taller sobre l\u2019alimentaci\u00f3 i la f\u00edsica i qu\u00edmica, dues parts importants que es treballen a Ci\u00e8ncies Naturals d&#8217;aquest curs. Tamb\u00e9 van veure l\u2019exposici\u00f3 <strong>Menja, Actua, Impacta<\/strong> que tracta de fer reflexionar sobre el nostre sistema alimentari i el seu impacte sobre la salut del planeta. Al taller van poder fer diversos experiments i el que m\u00e9s \u00e8xit va tenir va ser les esferificacions de les quals en van poder gaudir.<\/p>\n","protected":false},"excerpt":{"rendered":"<p>L&#8217;alumnat de 3r d\u2019ESO van assistir, el passat dijous, al<a href=\"https:\/\/fundesplai.org\/\"> Fundesplai<\/a> del Prat de Llobregat a fer un taller sobre l\u2019alimentaci\u00f3 i la f\u00edsica i qu\u00edmica, dues parts importants que es treballen a Ci\u00e8ncies Naturals d&#8217;aquest curs. Tamb\u00e9 van veure l\u2019exposici\u00f3 Menja, Actua, Impacta&hellip;  <a href=\"https:\/\/agora.xtec.cat\/iesmontbui\/eso\/eso-3\/esferificacio\/\" title=\"Read Esferificaci\u00f3!\">Llegeix m\u00e9s\u00bb<\/a><\/p>\n","protected":false},"author":66,"featured_media":9383,"comment_status":"open","ping_status":"closed","sticky":false,"template":"","format":"standard","meta":{"_bbp_topic_count":0,"_bbp_reply_count":0,"_bbp_total_topic_count":0,"_bbp_total_reply_count":0,"_bbp_voice_count":0,"_bbp_anonymous_reply_count":0,"_bbp_topic_count_hidden":0,"_bbp_reply_count_hidden":0,"_bbp_forum_subforum_count":0,"footnotes":""},"categories":[6,29],"tags":[222,550,551,58],"class_list":["post-9380","post","type-post","status-publish","format-standard","has-post-thumbnail","hentry","category-eso-3","category-portada","tag-ciencies-naturals","tag-fundesplai","tag-prat-de-llobregat","tag-tallers"],"post_mailing_queue_ids":[],"_links":{"self":[{"href":"https:\/\/agora.xtec.cat\/iesmontbui\/wp-json\/wp\/v2\/posts\/9380","targetHints":{"allow":["GET"]}}],"collection":[{"href":"https:\/\/agora.xtec.cat\/iesmontbui\/wp-json\/wp\/v2\/posts"}],"about":[{"href":"https:\/\/agora.xtec.cat\/iesmontbui\/wp-json\/wp\/v2\/types\/post"}],"author":[{"embeddable":true,"href":"https:\/\/agora.xtec.cat\/iesmontbui\/wp-json\/wp\/v2\/users\/66"}],"replies":[{"embeddable":true,"href":"https:\/\/agora.xtec.cat\/iesmontbui\/wp-json\/wp\/v2\/comments?post=9380"}],"version-history":[{"count":1,"href":"https:\/\/agora.xtec.cat\/iesmontbui\/wp-json\/wp\/v2\/posts\/9380\/revisions"}],"predecessor-version":[{"id":9381,"href":"https:\/\/agora.xtec.cat\/iesmontbui\/wp-json\/wp\/v2\/posts\/9380\/revisions\/9381"}],"wp:featuredmedia":[{"embeddable":true,"href":"https:\/\/agora.xtec.cat\/iesmontbui\/wp-json\/wp\/v2\/media\/9383"}],"wp:attachment":[{"href":"https:\/\/agora.xtec.cat\/iesmontbui\/wp-json\/wp\/v2\/media?parent=9380"}],"wp:term":[{"taxonomy":"category","embeddable":true,"href":"https:\/\/agora.xtec.cat\/iesmontbui\/wp-json\/wp\/v2\/categories?post=9380"},{"taxonomy":"post_tag","embeddable":true,"href":"https:\/\/agora.xtec.cat\/iesmontbui\/wp-json\/wp\/v2\/tags?post=9380"}],"curies":[{"name":"wp","href":"https:\/\/api.w.org\/{rel}","templated":true}]}}