{"id":9327,"date":"2024-02-08T20:12:04","date_gmt":"2024-02-08T19:12:04","guid":{"rendered":"https:\/\/agora.xtec.cat\/iesmontbui\/?p=9327"},"modified":"2024-02-08T20:12:05","modified_gmt":"2024-02-08T19:12:05","slug":"sortida-cinema-i-filosofia-21-de-febrer","status":"publish","type":"post","link":"https:\/\/agora.xtec.cat\/iesmontbui\/portada\/sortida-cinema-i-filosofia-21-de-febrer\/","title":{"rendered":"Sortida &#8220;Cinema i filosofia&#8221; (21 de febrer)"},"content":{"rendered":"<p>Benvolgudes fam\u00edlies,<\/p>\n<p>Ens plau informar-los que el proper <strong>dimecres 21 de febrer<\/strong> l&#8217;alumnat de primer de Batxillerat assistir\u00e0 a la Universitat de Barcelona- Facultat de filosofia per participar a l\u2019activitat \u201cCinema i filosofia\u201d. Se sortir\u00e0 de davant de l\u2019institut a les 8 i es tornar\u00e0 aproximadament a les 14.30 hores.<\/p>\n<p><strong>Programa de l\u2019activitat:<\/strong><\/p>\n<p>\u25cf Breu xerrada introduct\u00f2ria de temes filos\u00f2fics a c\u00e0rrec d&#8217;un\/a professor\/a de la facultat<br \/>\n\u25cf Projecci\u00f3 de la pel\u00b7l\u00edcula \u201cPlaneta Salvaje\u201d<br \/>\n\u25cf Posterior debat<\/p>\n<p><strong>Material:\u00a0<\/strong><\/p>\n<p>Cal que porteu l\u2019esmorzar.<\/p>\n<p>El preu de la sortida \u00e9s de 9:75 \u20ac\/alumne(no s\u2019accepten pagaments en efectiu)<\/p>\n<p>El concepte per fer el pagament \u00e9s: Cinema i Filosofia i la data m\u00e0xima per fer-lo \u00e9s el dia 9 de febrer del 2024.<\/p>\n<p>M\u00e9s informaci\u00f3 sobre el pagament en aquest document adjunt: <a href=\"https:\/\/agora.xtec.cat\/iesmontbui\/portada\/sortida-cinema-i-filosofia-21-de-febrer\/attachment\/filosofia-i-cinema-bat\/\" rel=\"attachment wp-att-9328\">Filosofia i cinema BAT<\/a><\/p>\n","protected":false},"excerpt":{"rendered":"<p>Benvolgudes fam\u00edlies,<br \/>\nEns plau informar-los que el proper dimecres 21 de febrer l&#8217;alumnat de primer de Batxillerat assistir\u00e0 a la Universitat de Barcelona- Facultat de filosofia per participar a l\u2019activitat \u201cCinema i filosofia\u201d. Se sortir\u00e0 de davant de l\u2019institut a les 8 i es tornar\u00e0 aproximadament&hellip;  <a href=\"https:\/\/agora.xtec.cat\/iesmontbui\/portada\/sortida-cinema-i-filosofia-21-de-febrer\/\" title=\"Read Sortida &#8220;Cinema i filosofia&#8221; (21 de febrer)\">Llegeix m\u00e9s\u00bb<\/a><\/p>\n","protected":false},"author":66,"featured_media":9329,"comment_status":"open","ping_status":"closed","sticky":false,"template":"","format":"standard","meta":{"_bbp_topic_count":0,"_bbp_reply_count":0,"_bbp_total_topic_count":0,"_bbp_total_reply_count":0,"_bbp_voice_count":0,"_bbp_anonymous_reply_count":0,"_bbp_topic_count_hidden":0,"_bbp_reply_count_hidden":0,"_bbp_forum_subforum_count":0,"footnotes":""},"categories":[98,116,29],"tags":[524,523],"class_list":["post-9327","post","type-post","status-publish","format-standard","has-post-thumbnail","hentry","category-comunicats","category-comunicats1btx","category-portada","tag-cinema-i-filosofia","tag-sortida-filosofia"],"post_mailing_queue_ids":[],"_links":{"self":[{"href":"https:\/\/agora.xtec.cat\/iesmontbui\/wp-json\/wp\/v2\/posts\/9327","targetHints":{"allow":["GET"]}}],"collection":[{"href":"https:\/\/agora.xtec.cat\/iesmontbui\/wp-json\/wp\/v2\/posts"}],"about":[{"href":"https:\/\/agora.xtec.cat\/iesmontbui\/wp-json\/wp\/v2\/types\/post"}],"author":[{"embeddable":true,"href":"https:\/\/agora.xtec.cat\/iesmontbui\/wp-json\/wp\/v2\/users\/66"}],"replies":[{"embeddable":true,"href":"https:\/\/agora.xtec.cat\/iesmontbui\/wp-json\/wp\/v2\/comments?post=9327"}],"version-history":[{"count":2,"href":"https:\/\/agora.xtec.cat\/iesmontbui\/wp-json\/wp\/v2\/posts\/9327\/revisions"}],"predecessor-version":[{"id":9331,"href":"https:\/\/agora.xtec.cat\/iesmontbui\/wp-json\/wp\/v2\/posts\/9327\/revisions\/9331"}],"wp:featuredmedia":[{"embeddable":true,"href":"https:\/\/agora.xtec.cat\/iesmontbui\/wp-json\/wp\/v2\/media\/9329"}],"wp:attachment":[{"href":"https:\/\/agora.xtec.cat\/iesmontbui\/wp-json\/wp\/v2\/media?parent=9327"}],"wp:term":[{"taxonomy":"category","embeddable":true,"href":"https:\/\/agora.xtec.cat\/iesmontbui\/wp-json\/wp\/v2\/categories?post=9327"},{"taxonomy":"post_tag","embeddable":true,"href":"https:\/\/agora.xtec.cat\/iesmontbui\/wp-json\/wp\/v2\/tags?post=9327"}],"curies":[{"name":"wp","href":"https:\/\/api.w.org\/{rel}","templated":true}]}}