{"id":9320,"date":"2024-02-08T20:00:28","date_gmt":"2024-02-08T19:00:28","guid":{"rendered":"https:\/\/agora.xtec.cat\/iesmontbui\/?p=9320"},"modified":"2024-02-08T20:28:21","modified_gmt":"2024-02-08T19:28:21","slug":"sortida-teatre-la-casa-de-bernarda-alba-6-marc","status":"publish","type":"post","link":"https:\/\/agora.xtec.cat\/iesmontbui\/eso\/eso-4\/sortida-teatre-la-casa-de-bernarda-alba-6-marc\/","title":{"rendered":"Sortida teatre La casa de Bernarda Alba (6 de mar\u00e7)"},"content":{"rendered":"<p>Benvolgudes fam\u00edlies,<\/p>\n<p>L&#8217;alumnat de 4t d&#8217;ESO assistir\u00e0 el proper dimecres 6 de mar\u00e7 a la representaci\u00f3 de l&#8217;obra teatral <strong>La casa de Bernarda Alba<\/strong> de Federico Garc\u00eda Lorca, en el marc de l&#8217;assignatura de llengua castellana i literatura. Aquesta activitates realitzar\u00e0 al teatre municipal l\u2019Ateneu d&#8217;Igualada despr\u00e9s del primer pati; aix\u00ed doncs, l\u2019alumnat haur\u00e0 de portar la motxilla i tot el material de les assignatures del mat\u00ed.<\/p>\n<p>Programa de l\u2019activitat:<br \/>\n\u25cf Sortida a Igualada<br \/>\n\u25cf Obra teatral La casa de Bernarda Alba de Federico Garc\u00eda Lorca<br \/>\n\u25cf Tornada a l\u2019institut<\/p>\n<p>El concepte per fer el pagament \u00e9s &#8220;Bernarda Alba&#8221; i la data m\u00e0xima per fer-lo \u00e9s el dia 16 de febrer de 2024.<\/p>\n<p>M\u00e9s informaci\u00f3 en aquests dos documents:<\/p>\n<p><a href=\"https:\/\/agora.xtec.cat\/iesmontbui\/eso\/eso-4\/sortida-teatre-la-casa-de-bernarda-alba-6-marc\/attachment\/sortida-bernarda-alba-3\/\" rel=\"attachment wp-att-9321\">Sortida Bernarda Alba <\/a><\/p>\n<p><a href=\"https:\/\/agora.xtec.cat\/iesmontbui\/eso\/eso-4\/sortida-teatre-la-casa-de-bernarda-alba-6-marc\/attachment\/sortida-bernarda-alba-iscd\/\" rel=\"attachment wp-att-9322\">Sortida Bernarda Alba &#8211; ISCD<\/a><\/p>\n","protected":false},"excerpt":{"rendered":"<p>Benvolgudes fam\u00edlies,<br \/>\nL&#8217;alumnat de 4t d&#8217;ESO assistir\u00e0 el proper dimecres 6 de mar\u00e7 a la representaci\u00f3 de l&#8217;obra teatral La casa de Bernarda Alba de Federico Garc\u00eda Lorca, en el marc de l&#8217;assignatura de llengua castellana i literatura. Aquesta activitates realitzar\u00e0 al teatre municipal l\u2019Ateneu d&#8217;Igualada&hellip;  <a href=\"https:\/\/agora.xtec.cat\/iesmontbui\/eso\/eso-4\/sortida-teatre-la-casa-de-bernarda-alba-6-marc\/\" title=\"Read Sortida teatre La casa de Bernarda Alba (6 de mar\u00e7)\">Llegeix m\u00e9s\u00bb<\/a><\/p>\n","protected":false},"author":66,"featured_media":9323,"comment_status":"open","ping_status":"closed","sticky":false,"template":"","format":"standard","meta":{"_bbp_topic_count":0,"_bbp_reply_count":0,"_bbp_total_topic_count":0,"_bbp_total_reply_count":0,"_bbp_voice_count":0,"_bbp_anonymous_reply_count":0,"_bbp_topic_count_hidden":0,"_bbp_reply_count_hidden":0,"_bbp_forum_subforum_count":0,"footnotes":""},"categories":[98,115,125,7,29],"tags":[522,413,40],"class_list":["post-9320","post","type-post","status-publish","format-standard","has-post-thumbnail","hentry","category-comunicats","category-comunicats4","category-depllengues","category-eso-4","category-portada","tag-la-casa-de-bernarda-alba","tag-llengua-castellana-i-literatura","tag-teatre"],"post_mailing_queue_ids":[],"_links":{"self":[{"href":"https:\/\/agora.xtec.cat\/iesmontbui\/wp-json\/wp\/v2\/posts\/9320","targetHints":{"allow":["GET"]}}],"collection":[{"href":"https:\/\/agora.xtec.cat\/iesmontbui\/wp-json\/wp\/v2\/posts"}],"about":[{"href":"https:\/\/agora.xtec.cat\/iesmontbui\/wp-json\/wp\/v2\/types\/post"}],"author":[{"embeddable":true,"href":"https:\/\/agora.xtec.cat\/iesmontbui\/wp-json\/wp\/v2\/users\/66"}],"replies":[{"embeddable":true,"href":"https:\/\/agora.xtec.cat\/iesmontbui\/wp-json\/wp\/v2\/comments?post=9320"}],"version-history":[{"count":4,"href":"https:\/\/agora.xtec.cat\/iesmontbui\/wp-json\/wp\/v2\/posts\/9320\/revisions"}],"predecessor-version":[{"id":9336,"href":"https:\/\/agora.xtec.cat\/iesmontbui\/wp-json\/wp\/v2\/posts\/9320\/revisions\/9336"}],"wp:featuredmedia":[{"embeddable":true,"href":"https:\/\/agora.xtec.cat\/iesmontbui\/wp-json\/wp\/v2\/media\/9323"}],"wp:attachment":[{"href":"https:\/\/agora.xtec.cat\/iesmontbui\/wp-json\/wp\/v2\/media?parent=9320"}],"wp:term":[{"taxonomy":"category","embeddable":true,"href":"https:\/\/agora.xtec.cat\/iesmontbui\/wp-json\/wp\/v2\/categories?post=9320"},{"taxonomy":"post_tag","embeddable":true,"href":"https:\/\/agora.xtec.cat\/iesmontbui\/wp-json\/wp\/v2\/tags?post=9320"}],"curies":[{"name":"wp","href":"https:\/\/api.w.org\/{rel}","templated":true}]}}