{"id":9309,"date":"2024-02-08T10:29:21","date_gmt":"2024-02-08T09:29:21","guid":{"rendered":"https:\/\/agora.xtec.cat\/iesmontbui\/?p=9309"},"modified":"2024-02-08T10:29:22","modified_gmt":"2024-02-08T09:29:22","slug":"sortida-ruta-quixot-a-barcelona-6-de-marc","status":"publish","type":"post","link":"https:\/\/agora.xtec.cat\/iesmontbui\/portada\/sortida-ruta-quixot-a-barcelona-6-de-marc\/","title":{"rendered":"Sortida Ruta Quixot a Barcelona (6 de mar\u00e7)"},"content":{"rendered":"<p>Benvolgudes fam\u00edlies,<\/p>\n<p>L&#8217;alumnat de primer de Batxillerat assistir\u00e0 el proper 6 de mar\u00e7 a Barcelona per participar en l&#8217;activitat de llengua i literatura <strong>Ruta del Quixot<\/strong>. <span style=\"font-weight: 400;\">Es sortir\u00e0 a les 8.30 hores de davant de l\u2019institut i es tornar\u00e0 aproximadament a les 14.30 hores.<\/span><\/p>\n<p><span style=\"font-weight: 400;\">Programa de l\u2019activitat:<\/span><\/p>\n<ul>\n<li style=\"font-weight: 400;\" aria-level=\"1\"><span style=\"font-weight: 400;\">\u00a08:30 Sortida\u00a0\u00a0\u00a0<\/span><\/li>\n<li style=\"font-weight: 400;\" aria-level=\"1\"><span style=\"font-weight: 400;\">\u00a010:00 Arribada a Barcelona<\/span><\/li>\n<li style=\"font-weight: 400;\" aria-level=\"1\"><span style=\"font-weight: 400;\">\u00a010:30 Esmorzar<\/span><\/li>\n<li style=\"font-weight: 400;\" aria-level=\"1\"><span style=\"font-weight: 400;\">\u00a011:00 Activitat fins les 13 hores<\/span><\/li>\n<\/ul>\n<p><span style=\"font-weight: 400;\">El preu de la sortida \u00e9s de <\/span><b>17,00 <\/b><b>euros. <\/b><span style=\"font-weight: 400;\">(no s\u2019accepten pagaments en efectiu)<\/span><\/p>\n<p><span style=\"font-weight: 400;\">El <\/span><b>concepte<\/b><span style=\"font-weight: 400;\"> per fer el pagament <\/span><span style=\"font-weight: 400;\">Ruta Quixot <\/span><span style=\"font-weight: 400;\">i la <\/span><b>data m\u00e0xima<\/b><span style=\"font-weight: 400;\"> per fer-lo \u00e9s el dia <\/span><span style=\"font-weight: 400;\">28 de febrer<\/span><\/p>\n<p><i><span style=\"font-weight: 400;\">IMPORTANT: Cal tenir en compte que, en cas de no assistir a una sortida, el centre no retornar\u00e0 els diners del transport, si n&#8217;hi ha, ja que el preu \u00e9s calculat i ajustat al nombre d&#8217;alumnat inscrit. Si el preu de les activitats, entrades, etc. s&#8217;abona en el moment de realitzar-se en funci\u00f3 del nombre de participants, aquesta part es podr\u00e0 retornar, per\u00f2 no si ha hagut de pagar-se amb antelaci\u00f3.\u00a0<\/span><\/i><\/p>\n<p><b>Una part d\u2019aquesta activitat \u00e9s finan\u00e7ada pel <\/b><span style=\"font-weight: 400;\">Ministeri d&#8217;Educaci\u00f3 i Formaci\u00f3 Professional i el Mecanisme de recuperaci\u00f3, transformaci\u00f3 i resili\u00e8ncia i per la Uni\u00f3 Europea NextGenerationEU.<\/span><\/p>\n<p>M\u00e9s informaci\u00f3 sobre l&#8217;activitat i el pagament en el seg\u00fcent enlla\u00e7:<\/p>\n<p><a href=\"https:\/\/agora.xtec.cat\/iesmontbui\/portada\/sortida-ruta-quixot-a-barcelona-6-de-marc\/attachment\/sortida-ruta-quixot\/\" rel=\"attachment wp-att-9310\">Sortida Ruta Quixot<\/a><\/p>\n","protected":false},"excerpt":{"rendered":"<p>Benvolgudes fam\u00edlies,<br \/>\nL&#8217;alumnat de primer de Batxillerat assistir\u00e0 el proper 6 de mar\u00e7 a Barcelona per participar en l&#8217;activitat de llengua i literatura Ruta del Quixot. Es sortir\u00e0 a les 8.30 hores de davant de l\u2019institut i es tornar\u00e0 aproximadament a les 14.30 hores.<br \/>\nPrograma de l\u2019activitat:<\/p>\n<ul>\n<li&hellip;  <a href=\"https:\/\/agora.xtec.cat\/iesmontbui\/portada\/sortida-ruta-quixot-a-barcelona-6-de-marc\/\" title=\"Read Sortida Ruta Quixot a Barcelona (6 de mar\u00e7)\">Llegeix m\u00e9s\u00bb<\/a><\/p>\n","protected":false},"author":66,"featured_media":9312,"comment_status":"open","ping_status":"closed","sticky":false,"template":"","format":"standard","meta":{"_bbp_topic_count":0,"_bbp_reply_count":0,"_bbp_total_topic_count":0,"_bbp_total_reply_count":0,"_bbp_voice_count":0,"_bbp_anonymous_reply_count":0,"_bbp_topic_count_hidden":0,"_bbp_reply_count_hidden":0,"_bbp_forum_subforum_count":0,"footnotes":""},"categories":[67,98,116,29],"tags":[518,519,517],"class_list":["post-9309","post","type-post","status-publish","format-standard","has-post-thumbnail","hentry","category-batx-1","category-comunicats","category-comunicats1btx","category-portada","tag-llengua-castellana","tag-ruta-quixot-barcelona","tag-sortida-quixot"],"post_mailing_queue_ids":[],"_links":{"self":[{"href":"https:\/\/agora.xtec.cat\/iesmontbui\/wp-json\/wp\/v2\/posts\/9309","targetHints":{"allow":["GET"]}}],"collection":[{"href":"https:\/\/agora.xtec.cat\/iesmontbui\/wp-json\/wp\/v2\/posts"}],"about":[{"href":"https:\/\/agora.xtec.cat\/iesmontbui\/wp-json\/wp\/v2\/types\/post"}],"author":[{"embeddable":true,"href":"https:\/\/agora.xtec.cat\/iesmontbui\/wp-json\/wp\/v2\/users\/66"}],"replies":[{"embeddable":true,"href":"https:\/\/agora.xtec.cat\/iesmontbui\/wp-json\/wp\/v2\/comments?post=9309"}],"version-history":[{"count":2,"href":"https:\/\/agora.xtec.cat\/iesmontbui\/wp-json\/wp\/v2\/posts\/9309\/revisions"}],"predecessor-version":[{"id":9314,"href":"https:\/\/agora.xtec.cat\/iesmontbui\/wp-json\/wp\/v2\/posts\/9309\/revisions\/9314"}],"wp:featuredmedia":[{"embeddable":true,"href":"https:\/\/agora.xtec.cat\/iesmontbui\/wp-json\/wp\/v2\/media\/9312"}],"wp:attachment":[{"href":"https:\/\/agora.xtec.cat\/iesmontbui\/wp-json\/wp\/v2\/media?parent=9309"}],"wp:term":[{"taxonomy":"category","embeddable":true,"href":"https:\/\/agora.xtec.cat\/iesmontbui\/wp-json\/wp\/v2\/categories?post=9309"},{"taxonomy":"post_tag","embeddable":true,"href":"https:\/\/agora.xtec.cat\/iesmontbui\/wp-json\/wp\/v2\/tags?post=9309"}],"curies":[{"name":"wp","href":"https:\/\/api.w.org\/{rel}","templated":true}]}}