{"id":9281,"date":"2024-02-06T17:07:22","date_gmt":"2024-02-06T16:07:22","guid":{"rendered":"https:\/\/agora.xtec.cat\/iesmontbui\/?p=9281"},"modified":"2024-03-03T20:10:03","modified_gmt":"2024-03-03T19:10:03","slug":"com-timagines-la-vida-en-un-institut","status":"publish","type":"post","link":"https:\/\/agora.xtec.cat\/iesmontbui\/portada\/com-timagines-la-vida-en-un-institut\/","title":{"rendered":"Com t&#8217;imagines la vida en un institut?"},"content":{"rendered":"<p>El proper<strong> dimarts 27 de febrer<\/strong>, <strong>l&#8217;alumnat dels centres d&#8217;educaci\u00f3 prim\u00e0ria del municipi, Garc\u00eda Lorca, Gaud\u00ed i Montbou,<\/strong> coneixer\u00e0<em>\u00a0in situ<\/em> com \u00e9s l&#8217;institut del que en formar\u00e0 part el curs vivent. Ser\u00e0 una visita guiada, de <strong>15.15 a 16.45 hores. <\/strong>Durant aquesta, l&#8217;alumnat far\u00e0 un recorregut per les instal\u00b7lacions i coneixeran algunes de les activitats i din\u00e0miques de treball de la m\u00e0 del professorat i equip directiu de l&#8217;INS Montbui.<\/p>\n<p>Per la seva banda, <strong>el dissabte 2 de mar\u00e7 <\/strong>tindr\u00e0 lloc la jornada de<strong> portes obertes a l&#8217;institut,<\/strong> de 10 a 13 hores. Aquestes activitats s&#8217;engloben en el programa Fem Escola, un conjunt d\u2019activitats promogudes des de l&#8217;Ajuntament que busquen &#8220;donar el m\u00e0xim valor i recon\u00e8ixer la mport\u00e0ncia de l\u2019educaci\u00f3 p\u00fablica, la tasca dels professionals de l\u2019educaci\u00f3 i la implicaci\u00f3 de tots els integrants de la comunitat educativa&#8221;.<\/p>\n","protected":false},"excerpt":{"rendered":"<p>El proper dimarts 27 de febrer, l&#8217;alumnat dels centres d&#8217;educaci\u00f3 prim\u00e0ria del municipi, Garc\u00eda Lorca, Gaud\u00ed i Montbou, coneixer\u00e0\u00a0in situ com \u00e9s l&#8217;institut del que en formar\u00e0 part el curs vivent. Ser\u00e0 una visita guiada, de 15.15 a 16.45 hores. Durant aquesta, l&#8217;alumnat far\u00e0 un&hellip;  <a href=\"https:\/\/agora.xtec.cat\/iesmontbui\/portada\/com-timagines-la-vida-en-un-institut\/\" title=\"Read Com t&#8217;imagines la vida en un institut?\">Llegeix m\u00e9s\u00bb<\/a><\/p>\n","protected":false},"author":66,"featured_media":9286,"comment_status":"open","ping_status":"closed","sticky":false,"template":"","format":"standard","meta":{"_bbp_topic_count":0,"_bbp_reply_count":0,"_bbp_total_topic_count":0,"_bbp_total_reply_count":0,"_bbp_voice_count":0,"_bbp_anonymous_reply_count":0,"_bbp_topic_count_hidden":0,"_bbp_reply_count_hidden":0,"_bbp_forum_subforum_count":0,"footnotes":""},"categories":[62,29],"tags":[508,510,511,509,507],"class_list":["post-9281","post","type-post","status-publish","format-standard","has-post-thumbnail","hentry","category-orgacentre","category-portada","tag-garcia-lorca","tag-gaudi","tag-jornada-de-portes-obertes-2024","tag-montbou","tag-visita-alumnat-6e"],"post_mailing_queue_ids":[],"_links":{"self":[{"href":"https:\/\/agora.xtec.cat\/iesmontbui\/wp-json\/wp\/v2\/posts\/9281","targetHints":{"allow":["GET"]}}],"collection":[{"href":"https:\/\/agora.xtec.cat\/iesmontbui\/wp-json\/wp\/v2\/posts"}],"about":[{"href":"https:\/\/agora.xtec.cat\/iesmontbui\/wp-json\/wp\/v2\/types\/post"}],"author":[{"embeddable":true,"href":"https:\/\/agora.xtec.cat\/iesmontbui\/wp-json\/wp\/v2\/users\/66"}],"replies":[{"embeddable":true,"href":"https:\/\/agora.xtec.cat\/iesmontbui\/wp-json\/wp\/v2\/comments?post=9281"}],"version-history":[{"count":4,"href":"https:\/\/agora.xtec.cat\/iesmontbui\/wp-json\/wp\/v2\/posts\/9281\/revisions"}],"predecessor-version":[{"id":9294,"href":"https:\/\/agora.xtec.cat\/iesmontbui\/wp-json\/wp\/v2\/posts\/9281\/revisions\/9294"}],"wp:featuredmedia":[{"embeddable":true,"href":"https:\/\/agora.xtec.cat\/iesmontbui\/wp-json\/wp\/v2\/media\/9286"}],"wp:attachment":[{"href":"https:\/\/agora.xtec.cat\/iesmontbui\/wp-json\/wp\/v2\/media?parent=9281"}],"wp:term":[{"taxonomy":"category","embeddable":true,"href":"https:\/\/agora.xtec.cat\/iesmontbui\/wp-json\/wp\/v2\/categories?post=9281"},{"taxonomy":"post_tag","embeddable":true,"href":"https:\/\/agora.xtec.cat\/iesmontbui\/wp-json\/wp\/v2\/tags?post=9281"}],"curies":[{"name":"wp","href":"https:\/\/api.w.org\/{rel}","templated":true}]}}