{"id":9272,"date":"2024-02-06T16:08:14","date_gmt":"2024-02-06T15:08:14","guid":{"rendered":"https:\/\/agora.xtec.cat\/iesmontbui\/?p=9272"},"modified":"2024-02-06T16:32:16","modified_gmt":"2024-02-06T15:32:16","slug":"consciencia-daigua-mineral","status":"publish","type":"post","link":"https:\/\/agora.xtec.cat\/iesmontbui\/eso\/eso-1\/consciencia-daigua-mineral\/","title":{"rendered":"Consci\u00e8ncia d&#8217;aigua mineral"},"content":{"rendered":"<p>L&#8217;alumnat de primer d&#8217;ESO ha assistit, aquest dilluns 5 i dimarts 6 de febrer, al <strong>Museu de Geologia Valent\u00ed Masachs<\/strong> i al <strong>Centre de l&#8217;Aigua de Cal Font, de Manresa. <\/strong><\/p>\n<p>En el museu, l&#8217;alumnat ha omplert una s\u00e8rie de q\u00fcestions a partir de l&#8217;observaci\u00f3 de la col\u00b7lecci\u00f3 de minerals dels Pa\u00efsos Catalans i d&#8217;altres pa\u00efsos del m\u00f3n que hi havia en les diverses vitrines. Entre aquests, un grup de minerals del futur, entre els quals, els del grup del Plat\u00ed. Tanmateix, han comprovat els efectes de la llum sobre diversos materials activant diverses llums ultraviolades.<\/p>\n<p>Pel qu\u00e8 fa al Centre de l&#8217;Aigua de Cal Font, l&#8217;alumnat ha dut a terme dos tallers. En un, han analitzat la quantitat de clorurs posant gotes de nitrat de plata i de cromat de potassi en diverses mostres d&#8217;aig\u00fces &#8211; de municipis com Manresa o Montbui-. <span style=\"font-family: inherit; font-size: 1em;\">En el segon, han dut a terme un experiment relacionat amb la infiltraci\u00f3 de l&#8217;aigua, a partir de la formulaci\u00f3 d&#8217;hip\u00f2tesis sobre el lliscament i infiltraci\u00f3.\u00a0<\/span><\/p>\n<p>Trobareu un recull d&#8217;imatges en l&#8217;Instagram del centre.<\/p>\n","protected":false},"excerpt":{"rendered":"<p>L&#8217;alumnat de primer d&#8217;ESO ha assistit, aquest dilluns 5 i dimarts 6 de febrer, al Museu de Geologia Valent\u00ed Masachs i al Centre de l&#8217;Aigua de Cal Font, de Manresa.<br \/>\nEn el museu, l&#8217;alumnat ha omplert una s\u00e8rie de q\u00fcestions a partir de l&#8217;observaci\u00f3 de&hellip;  <a href=\"https:\/\/agora.xtec.cat\/iesmontbui\/eso\/eso-1\/consciencia-daigua-mineral\/\" title=\"Read Consci\u00e8ncia d&#8217;aigua mineral\">Llegeix m\u00e9s\u00bb<\/a><\/p>\n","protected":false},"author":66,"featured_media":9273,"comment_status":"open","ping_status":"closed","sticky":false,"template":"","format":"standard","meta":{"_bbp_topic_count":0,"_bbp_reply_count":0,"_bbp_total_topic_count":0,"_bbp_total_reply_count":0,"_bbp_voice_count":0,"_bbp_anonymous_reply_count":0,"_bbp_topic_count_hidden":0,"_bbp_reply_count_hidden":0,"_bbp_forum_subforum_count":0,"footnotes":""},"categories":[4,29],"tags":[382,505,248,491],"class_list":["post-9272","post","type-post","status-publish","format-standard","has-post-thumbnail","hentry","category-eso-1","category-portada","tag-biologia-i-geologia","tag-centre-de-laigua-manresa","tag-manresa","tag-museu-de-geologia-valenti-masachs"],"post_mailing_queue_ids":[],"_links":{"self":[{"href":"https:\/\/agora.xtec.cat\/iesmontbui\/wp-json\/wp\/v2\/posts\/9272","targetHints":{"allow":["GET"]}}],"collection":[{"href":"https:\/\/agora.xtec.cat\/iesmontbui\/wp-json\/wp\/v2\/posts"}],"about":[{"href":"https:\/\/agora.xtec.cat\/iesmontbui\/wp-json\/wp\/v2\/types\/post"}],"author":[{"embeddable":true,"href":"https:\/\/agora.xtec.cat\/iesmontbui\/wp-json\/wp\/v2\/users\/66"}],"replies":[{"embeddable":true,"href":"https:\/\/agora.xtec.cat\/iesmontbui\/wp-json\/wp\/v2\/comments?post=9272"}],"version-history":[{"count":3,"href":"https:\/\/agora.xtec.cat\/iesmontbui\/wp-json\/wp\/v2\/posts\/9272\/revisions"}],"predecessor-version":[{"id":9276,"href":"https:\/\/agora.xtec.cat\/iesmontbui\/wp-json\/wp\/v2\/posts\/9272\/revisions\/9276"}],"wp:featuredmedia":[{"embeddable":true,"href":"https:\/\/agora.xtec.cat\/iesmontbui\/wp-json\/wp\/v2\/media\/9273"}],"wp:attachment":[{"href":"https:\/\/agora.xtec.cat\/iesmontbui\/wp-json\/wp\/v2\/media?parent=9272"}],"wp:term":[{"taxonomy":"category","embeddable":true,"href":"https:\/\/agora.xtec.cat\/iesmontbui\/wp-json\/wp\/v2\/categories?post=9272"},{"taxonomy":"post_tag","embeddable":true,"href":"https:\/\/agora.xtec.cat\/iesmontbui\/wp-json\/wp\/v2\/tags?post=9272"}],"curies":[{"name":"wp","href":"https:\/\/api.w.org\/{rel}","templated":true}]}}