{"id":9261,"date":"2024-02-04T14:07:05","date_gmt":"2024-02-04T13:07:05","guid":{"rendered":"https:\/\/agora.xtec.cat\/iesmontbui\/?p=9261"},"modified":"2024-02-04T14:07:05","modified_gmt":"2024-02-04T13:07:05","slug":"aquest-febrer-el-rap-de-cada-dia","status":"publish","type":"post","link":"https:\/\/agora.xtec.cat\/iesmontbui\/eso\/eso-2\/aquest-febrer-el-rap-de-cada-dia\/","title":{"rendered":"Aquest febrer, el rap de cada dia"},"content":{"rendered":"<p>Els dies 19, 20, 21, 22, 23 i 27 d&#8217;aquest mes de febrer es dur\u00e0 a terme un taller de rap des de l&#8217;assignatura de catal\u00e0 per als alumnes de 2n d&#8217;ESO. La durada ser\u00e0 de dues hores i es far\u00e0 classe per classe. En aquest taller es vol acostar la cultura del rap a l&#8217;alumnat, es far\u00e0 un taller de garrotins i construiran una can\u00e7\u00f3 col\u00b7laborativa. El taller de rap ser\u00e0 impartit pel vocalista del grup de rap anoienc El pa de cada dia.<\/p>\n","protected":false},"excerpt":{"rendered":"<p>Els dies 19, 20, 21, 22, 23 i 27 d&#8217;aquest mes de febrer es dur\u00e0 a terme un taller de rap des de l&#8217;assignatura de catal\u00e0 per als alumnes de 2n d&#8217;ESO. La durada ser\u00e0 de dues hores i es far\u00e0 classe per classe. En&hellip;  <a href=\"https:\/\/agora.xtec.cat\/iesmontbui\/eso\/eso-2\/aquest-febrer-el-rap-de-cada-dia\/\" title=\"Read Aquest febrer, el rap de cada dia\">Llegeix m\u00e9s\u00bb<\/a><\/p>\n","protected":false},"author":66,"featured_media":9262,"comment_status":"open","ping_status":"closed","sticky":false,"template":"","format":"standard","meta":{"_bbp_topic_count":0,"_bbp_reply_count":0,"_bbp_total_topic_count":0,"_bbp_total_reply_count":0,"_bbp_voice_count":0,"_bbp_anonymous_reply_count":0,"_bbp_topic_count_hidden":0,"_bbp_reply_count_hidden":0,"_bbp_forum_subforum_count":0,"footnotes":""},"categories":[5,29],"tags":[378,167,503],"class_list":["post-9261","post","type-post","status-publish","format-standard","has-post-thumbnail","hentry","category-eso-2","category-portada","tag-2n-deso","tag-llengua-catalana","tag-taller-de-rap"],"post_mailing_queue_ids":[],"_links":{"self":[{"href":"https:\/\/agora.xtec.cat\/iesmontbui\/wp-json\/wp\/v2\/posts\/9261","targetHints":{"allow":["GET"]}}],"collection":[{"href":"https:\/\/agora.xtec.cat\/iesmontbui\/wp-json\/wp\/v2\/posts"}],"about":[{"href":"https:\/\/agora.xtec.cat\/iesmontbui\/wp-json\/wp\/v2\/types\/post"}],"author":[{"embeddable":true,"href":"https:\/\/agora.xtec.cat\/iesmontbui\/wp-json\/wp\/v2\/users\/66"}],"replies":[{"embeddable":true,"href":"https:\/\/agora.xtec.cat\/iesmontbui\/wp-json\/wp\/v2\/comments?post=9261"}],"version-history":[{"count":1,"href":"https:\/\/agora.xtec.cat\/iesmontbui\/wp-json\/wp\/v2\/posts\/9261\/revisions"}],"predecessor-version":[{"id":9263,"href":"https:\/\/agora.xtec.cat\/iesmontbui\/wp-json\/wp\/v2\/posts\/9261\/revisions\/9263"}],"wp:featuredmedia":[{"embeddable":true,"href":"https:\/\/agora.xtec.cat\/iesmontbui\/wp-json\/wp\/v2\/media\/9262"}],"wp:attachment":[{"href":"https:\/\/agora.xtec.cat\/iesmontbui\/wp-json\/wp\/v2\/media?parent=9261"}],"wp:term":[{"taxonomy":"category","embeddable":true,"href":"https:\/\/agora.xtec.cat\/iesmontbui\/wp-json\/wp\/v2\/categories?post=9261"},{"taxonomy":"post_tag","embeddable":true,"href":"https:\/\/agora.xtec.cat\/iesmontbui\/wp-json\/wp\/v2\/tags?post=9261"}],"curies":[{"name":"wp","href":"https:\/\/api.w.org\/{rel}","templated":true}]}}