{"id":9253,"date":"2024-01-29T21:36:45","date_gmt":"2024-01-29T20:36:45","guid":{"rendered":"https:\/\/agora.xtec.cat\/iesmontbui\/?p=9253"},"modified":"2024-01-29T21:41:30","modified_gmt":"2024-01-29T20:41:30","slug":"nova-sortida-amb-bicicleta-conca-dodena-igualada","status":"publish","type":"post","link":"https:\/\/agora.xtec.cat\/iesmontbui\/eso\/nova-sortida-amb-bicicleta-conca-dodena-igualada\/","title":{"rendered":"Nova sortida amb bicicleta (Conca d&#8217;\u00d2dena-Igualada)"},"content":{"rendered":"<p>L&#8217;institut ha organitzat aquest dilluns, 29 de gener, la segona sortida amb bicicleta del curs. En aquesta ocasi\u00f3 hi han participat 17 alumnes de primer, segon i quart d&#8217;ESO. L&#8217;activitat ha estat un \u00e8xit rotund, amb una bona participaci\u00f3 i un ambient de molta diversi\u00f3. El recorregut ha transcorregut per camins i carreteres tranquil\u00b7les de la conca d&#8217;\u00d2dena i s&#8217;ha coronat al mirador d&#8217;Igualada, des d&#8217;on s&#8217;ha pogut gaudir d&#8217;una vista panor\u00e0mica de la ciutat.<\/p>\n","protected":false},"excerpt":{"rendered":"<p>L&#8217;institut ha organitzat aquest dilluns, 29 de gener, la segona sortida amb bicicleta del curs. En aquesta ocasi\u00f3 hi han participat 17 alumnes de primer, segon i quart d&#8217;ESO. L&#8217;activitat ha estat un \u00e8xit rotund, amb una bona participaci\u00f3 i un ambient de molta diversi\u00f3.&hellip;  <a href=\"https:\/\/agora.xtec.cat\/iesmontbui\/eso\/nova-sortida-amb-bicicleta-conca-dodena-igualada\/\" title=\"Read Nova sortida amb bicicleta (Conca d&#8217;\u00d2dena-Igualada)\">Llegeix m\u00e9s\u00bb<\/a><\/p>\n","protected":false},"author":66,"featured_media":9254,"comment_status":"open","ping_status":"closed","sticky":false,"template":"","format":"standard","meta":{"_bbp_topic_count":0,"_bbp_reply_count":0,"_bbp_total_topic_count":0,"_bbp_total_reply_count":0,"_bbp_voice_count":0,"_bbp_anonymous_reply_count":0,"_bbp_topic_count_hidden":0,"_bbp_reply_count_hidden":0,"_bbp_forum_subforum_count":0,"footnotes":""},"categories":[3,62,29],"tags":[498,256,427],"class_list":["post-9253","post","type-post","status-publish","format-standard","has-post-thumbnail","hentry","category-eso","category-orgacentre","category-portada","tag-conca-dodena","tag-igualada","tag-sortida-amb-bicicleta"],"post_mailing_queue_ids":[],"_links":{"self":[{"href":"https:\/\/agora.xtec.cat\/iesmontbui\/wp-json\/wp\/v2\/posts\/9253","targetHints":{"allow":["GET"]}}],"collection":[{"href":"https:\/\/agora.xtec.cat\/iesmontbui\/wp-json\/wp\/v2\/posts"}],"about":[{"href":"https:\/\/agora.xtec.cat\/iesmontbui\/wp-json\/wp\/v2\/types\/post"}],"author":[{"embeddable":true,"href":"https:\/\/agora.xtec.cat\/iesmontbui\/wp-json\/wp\/v2\/users\/66"}],"replies":[{"embeddable":true,"href":"https:\/\/agora.xtec.cat\/iesmontbui\/wp-json\/wp\/v2\/comments?post=9253"}],"version-history":[{"count":2,"href":"https:\/\/agora.xtec.cat\/iesmontbui\/wp-json\/wp\/v2\/posts\/9253\/revisions"}],"predecessor-version":[{"id":9256,"href":"https:\/\/agora.xtec.cat\/iesmontbui\/wp-json\/wp\/v2\/posts\/9253\/revisions\/9256"}],"wp:featuredmedia":[{"embeddable":true,"href":"https:\/\/agora.xtec.cat\/iesmontbui\/wp-json\/wp\/v2\/media\/9254"}],"wp:attachment":[{"href":"https:\/\/agora.xtec.cat\/iesmontbui\/wp-json\/wp\/v2\/media?parent=9253"}],"wp:term":[{"taxonomy":"category","embeddable":true,"href":"https:\/\/agora.xtec.cat\/iesmontbui\/wp-json\/wp\/v2\/categories?post=9253"},{"taxonomy":"post_tag","embeddable":true,"href":"https:\/\/agora.xtec.cat\/iesmontbui\/wp-json\/wp\/v2\/tags?post=9253"}],"curies":[{"name":"wp","href":"https:\/\/api.w.org\/{rel}","templated":true}]}}