{"id":9229,"date":"2024-01-25T11:08:07","date_gmt":"2024-01-25T10:08:07","guid":{"rendered":"https:\/\/agora.xtec.cat\/iesmontbui\/?p=9229"},"modified":"2024-01-25T11:10:07","modified_gmt":"2024-01-25T10:10:07","slug":"posant-a-punt-la-nostra-bicicleta","status":"publish","type":"post","link":"https:\/\/agora.xtec.cat\/iesmontbui\/portada\/posant-a-punt-la-nostra-bicicleta\/","title":{"rendered":"Posant a punt la nostra bicicleta"},"content":{"rendered":"<p>L&#8217;Institut va dur a terme el passat dimarts, 23 de gener, un <strong>taller de mec\u00e0nica de bicicletes.<\/strong> L&#8217;objectiu de l&#8217;activitat era la d&#8217;abordar problemes lleus que l&#8217;alumnat es pugui trobar amb les seves pr\u00f2pies bicicletes. Supervisats pels tutors, els i les alumnes participants van aprendre amb \u00e8xit a ajustar frens, reparar punxades i realitzar manteniment b\u00e0sic.<\/p>\n<p>Aquesta activitat s&#8217;ha realitzat abans de la <strong>sortida amb bicicleta<\/strong> prevista pel proper <strong>dilluns 29 de gener de les 15.45 a les 18 hores<\/strong>.<\/p>\n","protected":false},"excerpt":{"rendered":"<p>L&#8217;Institut va dur a terme el passat dimarts, 23 de gener, un taller de mec\u00e0nica de bicicletes. L&#8217;objectiu de l&#8217;activitat era la d&#8217;abordar problemes lleus que l&#8217;alumnat es pugui trobar amb les seves pr\u00f2pies bicicletes. Supervisats pels tutors, els i les alumnes participants van aprendre&hellip;  <a href=\"https:\/\/agora.xtec.cat\/iesmontbui\/portada\/posant-a-punt-la-nostra-bicicleta\/\" title=\"Read Posant a punt la nostra bicicleta\">Llegeix m\u00e9s\u00bb<\/a><\/p>\n","protected":false},"author":66,"featured_media":9230,"comment_status":"open","ping_status":"closed","sticky":false,"template":"","format":"standard","meta":{"_bbp_topic_count":0,"_bbp_reply_count":0,"_bbp_total_topic_count":0,"_bbp_total_reply_count":0,"_bbp_voice_count":0,"_bbp_anonymous_reply_count":0,"_bbp_topic_count_hidden":0,"_bbp_reply_count_hidden":0,"_bbp_forum_subforum_count":0,"footnotes":""},"categories":[29],"tags":[427,494],"class_list":["post-9229","post","type-post","status-publish","format-standard","has-post-thumbnail","hentry","category-portada","tag-sortida-amb-bicicleta","tag-taller-reparacio-bicicletes"],"post_mailing_queue_ids":[],"_links":{"self":[{"href":"https:\/\/agora.xtec.cat\/iesmontbui\/wp-json\/wp\/v2\/posts\/9229","targetHints":{"allow":["GET"]}}],"collection":[{"href":"https:\/\/agora.xtec.cat\/iesmontbui\/wp-json\/wp\/v2\/posts"}],"about":[{"href":"https:\/\/agora.xtec.cat\/iesmontbui\/wp-json\/wp\/v2\/types\/post"}],"author":[{"embeddable":true,"href":"https:\/\/agora.xtec.cat\/iesmontbui\/wp-json\/wp\/v2\/users\/66"}],"replies":[{"embeddable":true,"href":"https:\/\/agora.xtec.cat\/iesmontbui\/wp-json\/wp\/v2\/comments?post=9229"}],"version-history":[{"count":2,"href":"https:\/\/agora.xtec.cat\/iesmontbui\/wp-json\/wp\/v2\/posts\/9229\/revisions"}],"predecessor-version":[{"id":9232,"href":"https:\/\/agora.xtec.cat\/iesmontbui\/wp-json\/wp\/v2\/posts\/9229\/revisions\/9232"}],"wp:featuredmedia":[{"embeddable":true,"href":"https:\/\/agora.xtec.cat\/iesmontbui\/wp-json\/wp\/v2\/media\/9230"}],"wp:attachment":[{"href":"https:\/\/agora.xtec.cat\/iesmontbui\/wp-json\/wp\/v2\/media?parent=9229"}],"wp:term":[{"taxonomy":"category","embeddable":true,"href":"https:\/\/agora.xtec.cat\/iesmontbui\/wp-json\/wp\/v2\/categories?post=9229"},{"taxonomy":"post_tag","embeddable":true,"href":"https:\/\/agora.xtec.cat\/iesmontbui\/wp-json\/wp\/v2\/tags?post=9229"}],"curies":[{"name":"wp","href":"https:\/\/api.w.org\/{rel}","templated":true}]}}