{"id":9202,"date":"2024-01-17T17:54:52","date_gmt":"2024-01-17T16:54:52","guid":{"rendered":"https:\/\/agora.xtec.cat\/iesmontbui\/?p=9202"},"modified":"2024-01-17T17:54:52","modified_gmt":"2024-01-17T16:54:52","slug":"linstitut-montbui-simposa-al-pla-de-les-moreres-7-5","status":"publish","type":"post","link":"https:\/\/agora.xtec.cat\/iesmontbui\/portada\/linstitut-montbui-simposa-al-pla-de-les-moreres-7-5\/","title":{"rendered":"L&#8217;Institut Montbui s&#8217;imposa al Pla de les Moreres (7-5)"},"content":{"rendered":"<p>L&#8217;institut Montbui es va endur la vict\u00f2ria davant l&#8217;Institut Pla de les Moreres (Vilanova del Cam\u00ed) en el partit amist\u00f3s de futbol sala disputat el darrer cap de setmana (7-5).<\/p>\n<p>Des de l&#8217;inici, l&#8217;Institut Montbui va mostrar el seu domini a la pista i va aconseguir un avantatge considerable al marcador. Tot i aix\u00f2, el Pla de les Moreres va demostrar determinaci\u00f3. El joc es va tornar m\u00e9s renyit quan els vilanovins va reduir la difer\u00e8ncia, acostant-se a nom\u00e9s un gol de dist\u00e0ncia. En aquell moment, l&#8217;Institut Montbui va corregir alguns errors defensius. Els de Montbui van respondre amb decisi\u00f3, marcant gols que els van permetre mantenir l&#8217;avantatge.<\/p>\n<p>Finalment, l&#8217;Institut Montbui va assegurar la vict\u00f2ria. Un bon partit per veure sensacions per part dels de Vilanova, on segur que els hi espera un bon futur com a equip.<\/p>\n","protected":false},"excerpt":{"rendered":"<p>L&#8217;institut Montbui es va endur la vict\u00f2ria davant l&#8217;Institut Pla de les Moreres (Vilanova del Cam\u00ed) en el partit amist\u00f3s de futbol sala disputat el darrer cap de setmana (7-5).<br \/>\nDes de l&#8217;inici, l&#8217;Institut Montbui va mostrar el seu domini a la pista i va aconseguir&hellip;  <a href=\"https:\/\/agora.xtec.cat\/iesmontbui\/portada\/linstitut-montbui-simposa-al-pla-de-les-moreres-7-5\/\" title=\"Read L&#8217;Institut Montbui s&#8217;imposa al Pla de les Moreres (7-5)\">Llegeix m\u00e9s\u00bb<\/a><\/p>\n","protected":false},"author":66,"featured_media":9203,"comment_status":"open","ping_status":"closed","sticky":false,"template":"","format":"standard","meta":{"_bbp_topic_count":0,"_bbp_reply_count":0,"_bbp_total_topic_count":0,"_bbp_total_reply_count":0,"_bbp_voice_count":0,"_bbp_anonymous_reply_count":0,"_bbp_topic_count_hidden":0,"_bbp_reply_count_hidden":0,"_bbp_forum_subforum_count":0,"footnotes":""},"categories":[29],"tags":[198,407,486,487],"class_list":["post-9202","post","type-post","status-publish","format-standard","has-post-thumbnail","hentry","category-portada","tag-esport","tag-futbol-sala","tag-partit-amistos","tag-pla-de-les-moreres"],"post_mailing_queue_ids":[],"_links":{"self":[{"href":"https:\/\/agora.xtec.cat\/iesmontbui\/wp-json\/wp\/v2\/posts\/9202","targetHints":{"allow":["GET"]}}],"collection":[{"href":"https:\/\/agora.xtec.cat\/iesmontbui\/wp-json\/wp\/v2\/posts"}],"about":[{"href":"https:\/\/agora.xtec.cat\/iesmontbui\/wp-json\/wp\/v2\/types\/post"}],"author":[{"embeddable":true,"href":"https:\/\/agora.xtec.cat\/iesmontbui\/wp-json\/wp\/v2\/users\/66"}],"replies":[{"embeddable":true,"href":"https:\/\/agora.xtec.cat\/iesmontbui\/wp-json\/wp\/v2\/comments?post=9202"}],"version-history":[{"count":1,"href":"https:\/\/agora.xtec.cat\/iesmontbui\/wp-json\/wp\/v2\/posts\/9202\/revisions"}],"predecessor-version":[{"id":9204,"href":"https:\/\/agora.xtec.cat\/iesmontbui\/wp-json\/wp\/v2\/posts\/9202\/revisions\/9204"}],"wp:featuredmedia":[{"embeddable":true,"href":"https:\/\/agora.xtec.cat\/iesmontbui\/wp-json\/wp\/v2\/media\/9203"}],"wp:attachment":[{"href":"https:\/\/agora.xtec.cat\/iesmontbui\/wp-json\/wp\/v2\/media?parent=9202"}],"wp:term":[{"taxonomy":"category","embeddable":true,"href":"https:\/\/agora.xtec.cat\/iesmontbui\/wp-json\/wp\/v2\/categories?post=9202"},{"taxonomy":"post_tag","embeddable":true,"href":"https:\/\/agora.xtec.cat\/iesmontbui\/wp-json\/wp\/v2\/tags?post=9202"}],"curies":[{"name":"wp","href":"https:\/\/api.w.org\/{rel}","templated":true}]}}