{"id":9193,"date":"2024-01-17T13:14:02","date_gmt":"2024-01-17T12:14:02","guid":{"rendered":"https:\/\/agora.xtec.cat\/iesmontbui\/?p=9193"},"modified":"2024-01-17T13:20:35","modified_gmt":"2024-01-17T12:20:35","slug":"sortida-amb-bicicleta-29-de-gener","status":"publish","type":"post","link":"https:\/\/agora.xtec.cat\/iesmontbui\/portada\/sortida-amb-bicicleta-29-de-gener\/","title":{"rendered":"Sortida amb bicicleta 29 de gener"},"content":{"rendered":"<p>Benvolgudes fam\u00edlies,<\/p>\n<p>L&#8217;institut organitza una<strong> sortida amb bicicleta<\/strong> per a l&#8217;alumnat d&#8217;ESO i Batxillerat. Tindr\u00e0 lloc el <strong>dilluns 29 de gener de les 15.45 a les 18 hores<\/strong>. \u00c9s obligatori l&#8217;\u00fas de casc.<\/p>\n<p>Cal portar l&#8217;autoritzaci\u00f3 signada que podran trobar a consergeria o en la part inferior d&#8217;aquest article.<\/p>\n<p>Tamb\u00e9 els informem que el\u00a0proper <strong>dimarts 23 de gener,<\/strong> a les 17.30 hores, l&#8217;alumnat que tingui la seva bicicleta avariada la podr\u00e0 portar al centre per fer un <strong>taller de mec\u00e0nica.<\/strong><\/p>\n<p>Enlla\u00e7 a l&#8217;autoritzaci\u00f3:<\/p>\n<p><a href=\"https:\/\/agora.xtec.cat\/iesmontbui\/wp-content\/uploads\/usu145\/2024\/01\/Sortida-bicicleta-btt-ins-montbui-cartell.pdf\" rel=\"attachment wp-att-9197\">Autoritzaci\u00f3 sortida<\/a><\/p>\n","protected":false},"excerpt":{"rendered":"<p>Benvolgudes fam\u00edlies,<br \/>\nL&#8217;institut organitza una sortida amb bicicleta per a l&#8217;alumnat d&#8217;ESO i Batxillerat. Tindr\u00e0 lloc el dilluns 29 de gener de les 15.45 a les 18 hores. \u00c9s obligatori l&#8217;\u00fas de casc.<br \/>\nCal portar l&#8217;autoritzaci\u00f3 signada que podran trobar a consergeria o en la part inferior&hellip;  <a href=\"https:\/\/agora.xtec.cat\/iesmontbui\/portada\/sortida-amb-bicicleta-29-de-gener\/\" title=\"Read Sortida amb bicicleta 29 de gener\">Llegeix m\u00e9s\u00bb<\/a><\/p>\n","protected":false},"author":66,"featured_media":9194,"comment_status":"open","ping_status":"closed","sticky":false,"template":"","format":"standard","meta":{"_bbp_topic_count":0,"_bbp_reply_count":0,"_bbp_total_topic_count":0,"_bbp_total_reply_count":0,"_bbp_voice_count":0,"_bbp_anonymous_reply_count":0,"_bbp_topic_count_hidden":0,"_bbp_reply_count_hidden":0,"_bbp_forum_subforum_count":0,"footnotes":""},"categories":[29],"tags":[484,485],"class_list":["post-9193","post","type-post","status-publish","format-standard","has-post-thumbnail","hentry","category-portada","tag-sortida-bicicleta","tag-taller-mecanica"],"post_mailing_queue_ids":[],"_links":{"self":[{"href":"https:\/\/agora.xtec.cat\/iesmontbui\/wp-json\/wp\/v2\/posts\/9193","targetHints":{"allow":["GET"]}}],"collection":[{"href":"https:\/\/agora.xtec.cat\/iesmontbui\/wp-json\/wp\/v2\/posts"}],"about":[{"href":"https:\/\/agora.xtec.cat\/iesmontbui\/wp-json\/wp\/v2\/types\/post"}],"author":[{"embeddable":true,"href":"https:\/\/agora.xtec.cat\/iesmontbui\/wp-json\/wp\/v2\/users\/66"}],"replies":[{"embeddable":true,"href":"https:\/\/agora.xtec.cat\/iesmontbui\/wp-json\/wp\/v2\/comments?post=9193"}],"version-history":[{"count":6,"href":"https:\/\/agora.xtec.cat\/iesmontbui\/wp-json\/wp\/v2\/posts\/9193\/revisions"}],"predecessor-version":[{"id":9201,"href":"https:\/\/agora.xtec.cat\/iesmontbui\/wp-json\/wp\/v2\/posts\/9193\/revisions\/9201"}],"wp:featuredmedia":[{"embeddable":true,"href":"https:\/\/agora.xtec.cat\/iesmontbui\/wp-json\/wp\/v2\/media\/9194"}],"wp:attachment":[{"href":"https:\/\/agora.xtec.cat\/iesmontbui\/wp-json\/wp\/v2\/media?parent=9193"}],"wp:term":[{"taxonomy":"category","embeddable":true,"href":"https:\/\/agora.xtec.cat\/iesmontbui\/wp-json\/wp\/v2\/categories?post=9193"},{"taxonomy":"post_tag","embeddable":true,"href":"https:\/\/agora.xtec.cat\/iesmontbui\/wp-json\/wp\/v2\/tags?post=9193"}],"curies":[{"name":"wp","href":"https:\/\/api.w.org\/{rel}","templated":true}]}}