{"id":9180,"date":"2024-01-11T10:37:48","date_gmt":"2024-01-11T09:37:48","guid":{"rendered":"https:\/\/agora.xtec.cat\/iesmontbui\/?p=9180"},"modified":"2024-01-11T10:43:28","modified_gmt":"2024-01-11T09:43:28","slug":"concurs-de-booktrailers-dia-internacional-de-la-llengua-materna","status":"publish","type":"post","link":"https:\/\/agora.xtec.cat\/iesmontbui\/portada\/concurs-de-booktrailers-dia-internacional-de-la-llengua-materna\/","title":{"rendered":"Concurs de Booktrailers (Dia Internacional de la Llengua materna)"},"content":{"rendered":"<p>Des de la comissi\u00f3 de Pluriling\u00fcisme s&#8217;ha promogut un concurs de <em>booktrailers<\/em> per l&#8217;alumnat d&#8217;ESO, Batxillerat i PFI en motiu del <strong>Dia Internacional de la Llengua Materna,<\/strong> que se celebra el 21 de febrer. La tem\u00e0tica d&#8217;aquests ser\u00e0 un conte o llegenda tradicional del pa\u00eds d&#8217;origen de l&#8217;alumnat.<\/p>\n<div><strong>Les bases de participaci\u00f3 s\u00f3n les seg\u00fcents:<\/strong><\/div>\n<div><\/div>\n<div>\n<ul>\n<li>Es poden presentar individualment o en grups de fins a 4 alumnes.<\/li>\n<li>El\u00a0<i>booktrailer<\/i> ha d&#8217;estar en la llengua materna de l&#8217;alumnat i subtitulat en catal\u00e0.<\/li>\n<li>Ha de durar entre 1 minut i mig i 3 minuts.<\/li>\n<li>El termini d&#8217;entrega finalitza el 2 de febrer.<\/li>\n<li>Hi haur\u00e0 un premi per a cada nivell (PFI anir\u00e0 amb 4t d&#8217;ESO) i aquests es lliuraran a l&#8217;acte de Sant Jordi.<\/li>\n<\/ul>\n<\/div>\n<p><strong>Com fer el vostre booktrailer?\u00a0<\/strong><\/p>\n<p>\u2714 Buscar la llegenda, el conte o informaci\u00f3 sobre un element hist\u00f2ric. El primer pas \u00e9s buscar informaci\u00f3, ja que aix\u00f2 us servir\u00e0 per a respondre dues preguntes b\u00e0siques: de qu\u00e8 va la hist\u00f2ria i qu\u00e8 volem explicar.<\/p>\n<p>\u2714 Elaborar l\u2019Storyboard. En segon lloc, heu d\u2019elaborar l\u2019storyboard, que \u00e9s un gui\u00f3 il\u00b7lustrat i cont\u00e9 la previsi\u00f3 de les imatges, m\u00fasiques i textos que voleu fer servir.<\/p>\n<p>\u2714 Cercar imatges i m\u00fasiques. Heu de buscar les imatges i les m\u00fasiques que utilitzareu en el v\u00eddeo. Hi ha diverses opcions: podeu combinar imatges est\u00e0tiques i imatges en moviment, per\u00f2 en cap moment podeu vulnerar els drets d\u2019autor. Per evitar-ho, us podeu filmar o descarregar imatges de llocs web legals. Heu de fer el mateix amb la m\u00fasica.<\/p>\n<p>\u2714 Editar el v\u00eddeo. Un cop tingueu les imatges i les m\u00fasiques, heu de comen\u00e7ar a editar el v\u00eddeo. Utilitzeu un programa adient per organitzar els materials gravats, fotografiats, llegits en veu alta, etc. No oblideu afegir els cr\u00e8dits al final, en els quals heu de citar les fonts consultades.<\/p>\n<p><strong>Com s&#8217;ha d&#8217;entregar?\u00a0<\/strong><\/p>\n<p>-L&#8217;adre\u00e7a on l\u2019heu d\u2019enviar \u00e9s: booktrailers@imontbui.org<\/p>\n","protected":false},"excerpt":{"rendered":"<p>Des de la comissi\u00f3 de Pluriling\u00fcisme s&#8217;ha promogut un concurs de booktrailers per l&#8217;alumnat d&#8217;ESO, Batxillerat i PFI en motiu del Dia Internacional de la Llengua Materna, que se celebra el 21 de febrer. La tem\u00e0tica d&#8217;aquests ser\u00e0 un conte o llegenda tradicional del pa\u00eds&hellip;  <a href=\"https:\/\/agora.xtec.cat\/iesmontbui\/portada\/concurs-de-booktrailers-dia-internacional-de-la-llengua-materna\/\" title=\"Read Concurs de Booktrailers (Dia Internacional de la Llengua materna)\">Llegeix m\u00e9s\u00bb<\/a><\/p>\n","protected":false},"author":66,"featured_media":9181,"comment_status":"open","ping_status":"closed","sticky":false,"template":"","format":"standard","meta":{"_bbp_topic_count":0,"_bbp_reply_count":0,"_bbp_total_topic_count":0,"_bbp_total_reply_count":0,"_bbp_voice_count":0,"_bbp_anonymous_reply_count":0,"_bbp_topic_count_hidden":0,"_bbp_reply_count_hidden":0,"_bbp_forum_subforum_count":0,"footnotes":""},"categories":[29],"tags":[476,477],"class_list":["post-9180","post","type-post","status-publish","format-standard","has-post-thumbnail","hentry","category-portada","tag-concurs-booktrailers","tag-dia-internacional-de-la-llengua-materna"],"post_mailing_queue_ids":[],"_links":{"self":[{"href":"https:\/\/agora.xtec.cat\/iesmontbui\/wp-json\/wp\/v2\/posts\/9180","targetHints":{"allow":["GET"]}}],"collection":[{"href":"https:\/\/agora.xtec.cat\/iesmontbui\/wp-json\/wp\/v2\/posts"}],"about":[{"href":"https:\/\/agora.xtec.cat\/iesmontbui\/wp-json\/wp\/v2\/types\/post"}],"author":[{"embeddable":true,"href":"https:\/\/agora.xtec.cat\/iesmontbui\/wp-json\/wp\/v2\/users\/66"}],"replies":[{"embeddable":true,"href":"https:\/\/agora.xtec.cat\/iesmontbui\/wp-json\/wp\/v2\/comments?post=9180"}],"version-history":[{"count":4,"href":"https:\/\/agora.xtec.cat\/iesmontbui\/wp-json\/wp\/v2\/posts\/9180\/revisions"}],"predecessor-version":[{"id":9185,"href":"https:\/\/agora.xtec.cat\/iesmontbui\/wp-json\/wp\/v2\/posts\/9180\/revisions\/9185"}],"wp:featuredmedia":[{"embeddable":true,"href":"https:\/\/agora.xtec.cat\/iesmontbui\/wp-json\/wp\/v2\/media\/9181"}],"wp:attachment":[{"href":"https:\/\/agora.xtec.cat\/iesmontbui\/wp-json\/wp\/v2\/media?parent=9180"}],"wp:term":[{"taxonomy":"category","embeddable":true,"href":"https:\/\/agora.xtec.cat\/iesmontbui\/wp-json\/wp\/v2\/categories?post=9180"},{"taxonomy":"post_tag","embeddable":true,"href":"https:\/\/agora.xtec.cat\/iesmontbui\/wp-json\/wp\/v2\/tags?post=9180"}],"curies":[{"name":"wp","href":"https:\/\/api.w.org\/{rel}","templated":true}]}}